{"id":175577,"date":"2025-12-04T16:11:11","date_gmt":"2025-12-04T16:11:11","guid":{"rendered":"https:\/\/www.europesays.com\/pt\/175577\/"},"modified":"2025-12-04T16:11:11","modified_gmt":"2025-12-04T16:11:11","slug":"liliana-a-um-passo-de-descobrir-o-segredo-de-pedro-jorge-este-e-o-detalhe-que-ainda-lhe-escapa-secret-story","status":"publish","type":"post","link":"https:\/\/www.europesays.com\/pt\/175577\/","title":{"rendered":"Liliana &#8216;a um passo de&#8217; descobrir o segredo de Pedro Jorge. Este \u00e9 o detalhe que ainda lhe escapa &#8211; Secret Story"},"content":{"rendered":"<p style=\"margin-bottom:11px\"><strong>As teorias sobre o segredo de Marisa e Pedro continuam a formar-se<\/strong> dentro da casa mais vigiada do Pa\u00eds. Depois de duas tentativas de Leandro para um poss\u00edvel segredo em conjunto (\u201cSomos um ex-casal\u201d e \u201cSomos um casal verdadeiro\u201d), <strong>os concorrentes n\u00e3o desistem<\/strong>.<\/p>\n<p>No alpendre, <strong>Bruna, In\u00eas e Liliana discutem uma poss\u00edvel liga\u00e7\u00e3o familiar entre os dois concorrentes<\/strong>. Liliana conta \u00e0s colegas que tem medo de quem est\u00e1 nomeado em conjunto com ela, uma vez que 2 dos 4 nomeados,<strong> ainda escondem segredos por revelar.<\/strong><\/p>\n<p>\u00abSer\u00e1 que s\u00e3o m\u00e3e e filho?\u00bb atira In\u00eas. <strong>As concorrentes colocam a possibilidade de os concorrentes terem mentido na idade e n\u00e3o afastam a hip\u00f3tese de terem uma liga\u00e7\u00e3o familiar<\/strong>: \u00abE aquela pista ali que fomos ver? (\u2026) Simboliza que aquelas pessoas se conhecem e partilham alguma coisa\u00bb, conclui Liliana.<\/p>\n<p>Durante o Especial, as concorrentes debateram poss\u00edveis liga\u00e7\u00f5es entre os dos concorrentes e Liliana chega mesmo a atirar um palpite certeiro: \u00abT\u00eam um filho em comum?\u00bb. A concorrente j\u00e1 tinha reparado na tatuagem que Pedro tem escrita no bra\u00e7o com o nome da filha de Marisa, \u00abYara\u00bb.\u00a0<\/p>\n<p style=\"margin-bottom:11px\">Apesar de estar pr\u00f3xima do segredo, Liliana continua a deixar escapar o elemento crucial, n\u00e3o atribuiu o segredo a nenhum dos dois concorrentes. Recorde-se que os segredos escondidos pelo casal s\u00e3o: \u00abO meu marido est\u00e1 na casa\u00bb, que pertence a Marisa, e, \u00abA m\u00e3e dos meus filhos est\u00e1 na casa\u00bb, que pertence a Pedro.<\/p>\n<p style=\"margin-bottom:11px\">\u00a0<\/p>\n","protected":false},"excerpt":{"rendered":"As teorias sobre o segredo de Marisa e Pedro continuam a formar-se dentro da casa mais vigiada do&hellip;\n","protected":false},"author":2,"featured_media":175578,"comment_status":"","ping_status":"","sticky":false,"template":"","format":"standard","meta":{"footnotes":""},"categories":[142],"tags":[8113,2632,329,333,328,335,336,114,115,334,330,1326,338,19184,19019,13,14646,32,33,1315,8174,151,162,19020,227],"class_list":{"0":"post-175577","1":"post","2":"type-post","3":"status-publish","4":"format-standard","5":"has-post-thumbnail","7":"category-tv","8":"tag-alice-alves","9":"tag-casa-dos-segredos","10":"tag-claudio-ramos","11":"tag-comentadores","12":"tag-concorrentes","13":"tag-confrontos","14":"tag-discussoes","15":"tag-entertainment","16":"tag-entretenimento","17":"tag-exclusivos","18":"tag-gala","19":"tag-mafalda-castro","20":"tag-maria-botelho-moniz","21":"tag-marisa","22":"tag-marta-cardoso","23":"tag-noticias","24":"tag-pedro","25":"tag-portugal","26":"tag-pt","27":"tag-secret-story","28":"tag-segredos","29":"tag-tv","30":"tag-tvi","31":"tag-video-do-dia","32":"tag-videos"},"share_on_mastodon":{"url":"https:\/\/pubeurope.com\/@pt\/115662178566744824","error":""},"_links":{"self":[{"href":"https:\/\/www.europesays.com\/pt\/wp-json\/wp\/v2\/posts\/175577","targetHints":{"allow":["GET"]}}],"collection":[{"href":"https:\/\/www.europesays.com\/pt\/wp-json\/wp\/v2\/posts"}],"about":[{"href":"https:\/\/www.europesays.com\/pt\/wp-json\/wp\/v2\/types\/post"}],"author":[{"embeddable":true,"href":"https:\/\/www.europesays.com\/pt\/wp-json\/wp\/v2\/users\/2"}],"replies":[{"embeddable":true,"href":"https:\/\/www.europesays.com\/pt\/wp-json\/wp\/v2\/comments?post=175577"}],"version-history":[{"count":0,"href":"https:\/\/www.europesays.com\/pt\/wp-json\/wp\/v2\/posts\/175577\/revisions"}],"wp:featuredmedia":[{"embeddable":true,"href":"https:\/\/www.europesays.com\/pt\/wp-json\/wp\/v2\/media\/175578"}],"wp:attachment":[{"href":"https:\/\/www.europesays.com\/pt\/wp-json\/wp\/v2\/media?parent=175577"}],"wp:term":[{"taxonomy":"category","embeddable":true,"href":"https:\/\/www.europesays.com\/pt\/wp-json\/wp\/v2\/categories?post=175577"},{"taxonomy":"post_tag","embeddable":true,"href":"https:\/\/www.europesays.com\/pt\/wp-json\/wp\/v2\/tags?post=175577"}],"curies":[{"name":"wp","href":"https:\/\/api.w.org\/{rel}","templated":true}]}}