{"id":175585,"date":"2025-12-04T16:17:21","date_gmt":"2025-12-04T16:17:21","guid":{"rendered":"https:\/\/www.europesays.com\/pt\/175585\/"},"modified":"2025-12-04T16:17:21","modified_gmt":"2025-12-04T16:17:21","slug":"design-organico-por-que-a-mesa-redonda-e-tendencia","status":"publish","type":"post","link":"https:\/\/www.europesays.com\/pt\/175585\/","title":{"rendered":"Design org\u00e2nico: por que a mesa redonda \u00e9 tend\u00eancia"},"content":{"rendered":"<p>Durante todo o ano de 2025, o <strong>design org\u00e2nico<\/strong> se reafirmou como uma tend\u00eancia dentro da arquitetura de interiores, encantando com suas <strong>formas arredondadas<\/strong> nos mais diversos m\u00f3veis e pe\u00e7as decorativas. Assim, as mesas redondas ganharam ainda mais evid\u00eancia, principalmente por contribu\u00edrem para tornar o ambiente mais <strong>fluido e de f\u00e1cil circula\u00e7\u00e3o.<\/strong><\/p>\n<p>\u201cAl\u00e9m dessa valoriza\u00e7\u00e3o, as mesas redondas passaram a compor os ambientes integrados, uma vez que aproximam e deixa a intera\u00e7\u00e3o entre as pessoas muito mais pr\u00f3xima\u201d, opina a arquiteta <a href=\"https:\/\/www.instagram.com\/danielafunariarquitetura\/\" target=\"_blank\" rel=\"noopener nofollow\">Daniela Funari<\/a>, respons\u00e1vel por seu escrit\u00f3rio hom\u00f4nimo.<\/p>\n<p>Medidas para mesas redondas<\/p>\n<p>    <img loading=\"lazy\" decoding=\"async\" alt=\"Design org\u00e2nico: por que a mesa redonda \u00e9 tend\u00eancia. Projeto de Daniela Funari.\" class=\"alignnone size-large wp-image-515342\" src=\"https:\/\/www.europesays.com\/pt\/wp-content\/uploads\/2025\/12\/design-organico-por-que-a-mesa-redonda-e-tendencia-daniela-funari-12.jpg\" border=\"0\" title=\"design-organico-por-que-a-mesa-redonda-e-tendencia-daniela-funari-12\" width=\"683\" height=\"1024\" data-restrict=\"false\" data-portal-copyright=\"Mariana Camargo\" data-image-caption=\"\" data-image-title=\"\" data-image-source=\"Divulga\u00e7\u00e3o\"\/><br \/>\n     \u2013 (Mariana Camargo\/Divulga\u00e7\u00e3o)<\/p>\n<p>O m\u00f3vel pode \u2013 e deve! \u2013 ser utilizado como destaque sempre que o ambiente acomodar bem suas dimens\u00f5es. \u201cPara torn\u00e1-la protagonista, sempre <strong>analiso se o c\u00f4modo<\/strong> disp\u00f5e da metragem adequada\u201d, relata a profissional, enfatizando que a <strong>circula\u00e7\u00e3o em seu di\u00e2metro deve ser assegurada com um espa\u00e7o livre de, pelo menos, 90 cm entre os demais m\u00f3veis ou paredes do ambiente.<\/strong><\/p>\n<p>Como incluir no d\u00e9cor<\/p>\n<p>    <img loading=\"lazy\" decoding=\"async\" alt=\"Design org\u00e2nico: por que a mesa redonda \u00e9 tend\u00eancia. Projeto de Daniela Funari.\" class=\"alignnone size-large wp-image-515332\" src=\"https:\/\/www.europesays.com\/pt\/wp-content\/uploads\/2025\/12\/design-organico-por-que-a-mesa-redonda-e-tendencia-daniela-funari-02.jpg\" border=\"0\" title=\"design-organico-por-que-a-mesa-redonda-e-tendencia-daniela-funari-02\" width=\"1024\" height=\"669\" data-restrict=\"false\" data-portal-copyright=\"Luis Fabiano e Renata\" data-image-caption=\"\" data-image-title=\"\" data-image-source=\"Divulga\u00e7\u00e3o\"\/><br \/>\n     \u2013 (Luis Fabiano e Renata\/Divulga\u00e7\u00e3o)<\/p>\n<p>Al\u00e9m da apar\u00eancia em si, Daniela argumenta que a an\u00e1lise sobre o material do tampo, a estrutura do m\u00f3vel, o design e a cor das cadeiras bem como os demais elementos que a acompanham \u2013 caso dos pendentes e<a href=\"https:\/\/casa.abril.com.br\/moveis-acessorios\/4-estilos-de-buffets-para-salas-de-estar-e-jantar-elegantes-e-funcionais\/\" target=\"_blank\" rel=\"noopener nofollow\"> buffets<\/a> \u2013, se somam para a atmosfera harm\u00f4nica esperada. \u201cA equa\u00e7\u00e3o \u00e9 muito semelhante \u00e0quela que aplicamos nos demais ambientes do im\u00f3vel\u201d, reitera.<\/p>\n<p>    Continua ap\u00f3s a publicidade<\/p>\n<p>Outro fator que deixa a mesa redonda muito mais atraente para a sala de jantar \u00e9 a <strong>possibilidade do prato girat\u00f3rio<\/strong>, que deixa o momento de servir muito mais pr\u00e1tico. \u201cAo receber convidados, torna-se muito mais eficiente a disposi\u00e7\u00e3o dos pratos. Basta mover essa base para alcan\u00e7ar aquilo que se deseja colocar no prato\u201d, diz ela.<\/p>\n<p>Seguindo o velho ditado, \u201csempre cabe mais um\u201d, com rela\u00e7\u00e3o \u00e0s cadeiras, Daniela lembra que a mesa \u00e9 eficiente para acomodar mais uma pessoa em seu entorno. \u201c\u00c9 normal recebermos mais uma pessoa e darmos um jeitinho para que ela participe da refei\u00e7\u00e3o, mesmo que a ocasi\u00e3o deixe tudo mais apertadinho\u201d, ressalta.<\/p>\n<p>Al\u00e9m da sala de jantar: outras formas de usar mesas redondas<br \/>\nBel\u00edssima nas varandas<\/p>\n<p>    <img loading=\"lazy\" decoding=\"async\" alt=\"Design org\u00e2nico: por que a mesa redonda \u00e9 tend\u00eancia. Projeto de Daniela Funari.\" class=\"alignnone size-large wp-image-515334\" src=\"https:\/\/www.europesays.com\/pt\/wp-content\/uploads\/2025\/12\/design-organico-por-que-a-mesa-redonda-e-tendencia-daniela-funari-04.jpg\" border=\"0\" title=\"design-organico-por-que-a-mesa-redonda-e-tendencia-daniela-funari-04\" width=\"1024\" height=\"683\" data-restrict=\"false\" data-portal-copyright=\"Mariana Camargo\" data-image-caption=\"\" data-image-title=\"\" data-image-source=\"Divulga\u00e7\u00e3o\"\/><br \/>\n     \u2013 (Mariana Camargo\/Divulga\u00e7\u00e3o)<\/p>\n<p>Al\u00e9m de tamb\u00e9m fazer bonito nas \u00e1reas gourmet, acompanhando as condicionantes da sala de jantar, a circunfer\u00eancia menor tamb\u00e9m \u00e9 perfeita para as varandas de <a href=\"https:\/\/casa.abril.com.br\/tudo-sobre\/apartamento-pequeno\" target=\"_blank\" rel=\"noopener nofollow\">apartamentos compactos.<\/a><\/p>\n<p>    Continua ap\u00f3s a publicidade<\/p>\n<p>Nesse projeto executado pela arquiteta Daniela Funari, a mesa redonda traz leveza com sua base em vidro e sua sustenta\u00e7\u00e3o tran\u00e7ada com fibras. O ar descontra\u00eddo \u00e9 completado pelas cadeiras de madeira com encosto em palhinha e a estampa azul do assento.<\/p>\n<p>Daniela tamb\u00e9m enumera que a mesa redonda \u00e9 bem-vinda em salas de jogos, apoio em \u00e1reas de conviv\u00eancia, copa de cozinha ou em \u00e1reas externas no entorno da <a href=\"https:\/\/casa.abril.com.br\/tudo-sobre\/piscinas\" rel=\"nofollow noopener\" target=\"_blank\">piscina<\/a>.<\/p>\n<p>Mesas de centro elegantes<\/p>\n<p>    <img loading=\"lazy\" decoding=\"async\" alt=\"Design org\u00e2nico: por que a mesa redonda \u00e9 tend\u00eancia. Projeto de Daniela Funari.\" class=\"alignnone size-large wp-image-515346\" src=\"https:\/\/www.europesays.com\/pt\/wp-content\/uploads\/2025\/12\/Projeto-Daniela-Funari-Arquitetura-FOTO-Julia-Novoa-Fotografia-3.jpg\" border=\"0\" title=\"Projeto Daniela Funari Arquitetura \u2013 FOTO Julia Novoa Fotografia (3)\" width=\"683\" height=\"1024\" data-restrict=\"false\" data-portal-copyright=\"Julia Novoa Fotografia\" data-image-caption=\"\" data-image-title=\"\" data-image-source=\"Divulga\u00e7\u00e3o\"\/><br \/>\n     \u2013 (Julia Novoa Fotografia\/Divulga\u00e7\u00e3o)<\/p>\n<p>O formato circular do mobili\u00e1rio tamb\u00e9m pode ser utilizado nas <a href=\"https:\/\/casa.abril.com.br\/moveis-acessorios\/mesas-de-centro-no-centro-veja-projetos-modernos-com-mesas-de-todos-os-tipos\/\" target=\"_blank\" rel=\"noopener nofollow\">mesas de centro<\/a>, agregando os mesmos benef\u00edcios j\u00e1 destacados, como a fluidez e circula\u00e7\u00e3o. \u201cO fato de n\u00e3o dispor dos \u00e2ngulos de 90 graus, presentes em vers\u00f5es quadradas ou retangulares, \u00e9 um fator de seguran\u00e7a\u201d, orienta a profissional como meio de evitar esbarr\u00f5es ocasionais que podem machucar o morador. \u201cEm casas com crian\u00e7as pequenas, tamb\u00e9m \u00e9 uma op\u00e7\u00e3o super indicada para evitar os acidentes corriqueiros que acontecem num piscar de olhos\u201d, complementa.<\/p>\n<p>    Continua ap\u00f3s a publicidade<\/p>\n<p>    <img loading=\"lazy\" decoding=\"async\" alt=\"Design org\u00e2nico: por que a mesa redonda \u00e9 tend\u00eancia. Projeto de Daniela Funari.\" class=\"alignnone size-large wp-image-515347\" src=\"https:\/\/www.europesays.com\/pt\/wp-content\/uploads\/2025\/12\/Projeto-Daniela-Funari-Arquitetura-FOTO-Julia-Novoa-Fotografia-4.jpg\" border=\"0\" title=\"Projeto Daniela Funari Arquitetura \u2013 FOTO Julia Novoa Fotografia (4)\" width=\"683\" height=\"1024\" data-restrict=\"false\" data-portal-copyright=\"Julia Novoa Fotografia\" data-image-caption=\"\" data-image-title=\"\" data-image-source=\"Divulga\u00e7\u00e3o\"\/><br \/>\n     \u2013 (Julia Novoa Fotografia\/Divulga\u00e7\u00e3o)<\/p>\n<p>No living da <a href=\"https:\/\/casa.abril.com.br\/tudo-sobre\/adegas\" target=\"_blank\" rel=\"noopener nofollow\">adega<\/a>, a mesa de centro cinza eleita pela arquiteta Daniela Funari se destaca pelo acabamento cinza em <a href=\"https:\/\/casa.abril.com.br\/arquitetura-e-construcao\/laca-decoracao-vantagens-mitos-como-cuidar-de-pecas\/\" target=\"_blank\" rel=\"noopener nofollow\">laca<\/a>. Intimista, o espa\u00e7o tornou-se ainda mais aconchegante com as poltronas arredondadas.<\/p>\n<p>Newsletter<\/p>\n<p>\n                            Dicas, inspira\u00e7\u00f5es e not\u00edcias sobre decora\u00e7\u00e3o, arquitetura, jardinagem e organiza\u00e7\u00e3o para sua casa. Quem mora, precisa!<br \/>\n                                <strong><br \/>\n                                    Inscreva-se aqui<br \/>\n                                <\/strong>para receber a nossa newsletter<\/p>\n<p>                            Cadastro efetuado com sucesso!<\/p>\n<p>Voc\u00ea receber\u00e1 nossa newsletter em breve.<\/p>\n<p>    Continua ap\u00f3s a publicidade<\/p>\n<p>\u00a0<\/p>\n<p>                    \t\t\t\t\t\t\t\t\t\t\t\t\t\t\t\t\t\t\t\t\t\t\t\t\t\t\t\t\t\t\t\t\t\t\t\t\t\t\t\t\t\t\t\t\t\t\t\t\t\t\t\t\t\t\t\t\t\t\t\t\t\t\t\t\t\t\t\t\t\t\t\t\t\t\t\t\t\t\t\t\t\t\t\t\t\t\t\t\t\t\t\t\t\t\t\t\t\t\t\t\t\t\t\t\t\t\t\t\t\t\t\t\t\t\t\t\t<script async src=\"\/\/www.instagram.com\/embed.js\"><\/script><\/p>\n","protected":false},"excerpt":{"rendered":"Durante todo o ano de 2025, o design org\u00e2nico se reafirmou como uma tend\u00eancia dentro da arquitetura de&hellip;\n","protected":false},"author":2,"featured_media":175586,"comment_status":"","ping_status":"","sticky":false,"template":"","format":"standard","meta":{"footnotes":""},"categories":[84],"tags":[109,107,108,32,33,105,103,104,106,110],"class_list":{"0":"post-175585","1":"post","2":"type-post","3":"status-publish","4":"format-standard","5":"has-post-thumbnail","7":"category-ciencia-e-tecnologia","8":"tag-ciencia","9":"tag-ciencia-e-tecnologia","10":"tag-cienciaetecnologia","11":"tag-portugal","12":"tag-pt","13":"tag-science","14":"tag-science-and-technology","15":"tag-scienceandtechnology","16":"tag-technology","17":"tag-tecnologia"},"share_on_mastodon":{"url":"https:\/\/pubeurope.com\/@pt\/115662202313280742","error":""},"_links":{"self":[{"href":"https:\/\/www.europesays.com\/pt\/wp-json\/wp\/v2\/posts\/175585","targetHints":{"allow":["GET"]}}],"collection":[{"href":"https:\/\/www.europesays.com\/pt\/wp-json\/wp\/v2\/posts"}],"about":[{"href":"https:\/\/www.europesays.com\/pt\/wp-json\/wp\/v2\/types\/post"}],"author":[{"embeddable":true,"href":"https:\/\/www.europesays.com\/pt\/wp-json\/wp\/v2\/users\/2"}],"replies":[{"embeddable":true,"href":"https:\/\/www.europesays.com\/pt\/wp-json\/wp\/v2\/comments?post=175585"}],"version-history":[{"count":0,"href":"https:\/\/www.europesays.com\/pt\/wp-json\/wp\/v2\/posts\/175585\/revisions"}],"wp:featuredmedia":[{"embeddable":true,"href":"https:\/\/www.europesays.com\/pt\/wp-json\/wp\/v2\/media\/175586"}],"wp:attachment":[{"href":"https:\/\/www.europesays.com\/pt\/wp-json\/wp\/v2\/media?parent=175585"}],"wp:term":[{"taxonomy":"category","embeddable":true,"href":"https:\/\/www.europesays.com\/pt\/wp-json\/wp\/v2\/categories?post=175585"},{"taxonomy":"post_tag","embeddable":true,"href":"https:\/\/www.europesays.com\/pt\/wp-json\/wp\/v2\/tags?post=175585"}],"curies":[{"name":"wp","href":"https:\/\/api.w.org\/{rel}","templated":true}]}}