{"id":175587,"date":"2025-12-04T16:23:22","date_gmt":"2025-12-04T16:23:22","guid":{"rendered":"https:\/\/www.europesays.com\/pt\/175587\/"},"modified":"2025-12-04T16:23:22","modified_gmt":"2025-12-04T16:23:22","slug":"cosmonauta-afastado-da-missao-12-da-spacex-por-violacao-de-regras-leia-se-espionagem","status":"publish","type":"post","link":"https:\/\/www.europesays.com\/pt\/175587\/","title":{"rendered":"Cosmonauta afastado da Miss\u00e3o 12 da SpaceX por &#8220;viola\u00e7\u00e3o de regras&#8221; (leia-se &#8220;espionagem&#8221;)"},"content":{"rendered":"<p class=\"wp-caption-text top\">Bill Ingalls \/ NASA<\/p>\n<p><img decoding=\"async\" loading=\"lazy\" class=\"size-kopa-image-size-3 wp-image-715025\" src=\"https:\/\/www.europesays.com\/pt\/wp-content\/uploads\/2025\/12\/d71be63650c66ee4a705736cb7d2d2b8-783x450.jpg\" alt=\"\" width=\"700\" height=\"402\"  \/><\/p>\n<p class=\"wp-caption-text bot\">O cosmonauta russo Oleg Artemyev<\/p>\n<p><strong>\u00c9 muito dif\u00edcil imaginar uma situa\u00e7\u00e3o em que um cosmonauta experiente possa, \u201csem querer, cometer uma viola\u00e7\u00e3o t\u00e3o grave\u201d.<\/strong><\/p>\n<p>O cosmonauta russo <strong>Oleg Artemyev<\/strong> foi afastado da miss\u00e3o Crew-12 da SpaceX por alegadas viola\u00e7\u00f5es \u00e0s regras de seguran\u00e7a nacional dos Estados Unidos, informou a comunica\u00e7\u00e3o social.<\/p>\n<p>Estava previsto que Artemyev, experiente cosmonauta da ag\u00eancia espacial russa Roscosmos, integrasse a miss\u00e3o, com quatro tripulantes, cujo lan\u00e7amento para a Esta\u00e7\u00e3o Espacial Internacional estava agendado para fevereiro, diz o <a href=\"https:\/\/www.space.com\/space-exploration\/launches-spacecraft\/cosmonaut-removed-from-spacexs-crew-12-mission-for-violating-national-security-rules-report\" data-wpel-link=\"external\" target=\"_blank\" rel=\"nofollow external noopener noreferrer\" class=\"ext-link\">Space.com<\/a>.<\/p>\n<p>Artemyev foi recentemente substitu\u00eddo pelo tamb\u00e9m russo <strong>Andrei Fedyayev<\/strong>, uma \u201cdecis\u00e3o tomada em liga\u00e7\u00e3o com a transfer\u00eancia de Oleg Artemyev para outro cargo\u201d, afirmaram na ter\u00e7a-feira respons\u00e1veis da Roscosmos em <a href=\"https:\/\/t.me\/roscosmos_gk\/18813\" data-wpel-link=\"external\" target=\"_blank\" rel=\"nofollow external noopener noreferrer\" class=\"ext-link\">comunicado<\/a> publicado no Telegram.<\/p>\n<p>\u201cAndrei Fedyaev \u00e9 um <strong>piloto-cosmonauta e Her\u00f3i da R\u00fassia<\/strong>, que ingressou no corpo de cosmonautas a 25 de abril de 2013\u2033, detalha o comunicado.<\/p>\n<p>Mas o comunicado n\u00e3o conta a hist\u00f3ria toda, de acordo com o site de investiga\u00e7\u00e3o russo <a href=\"https:\/\/theins.ru\/news\/287330\" data-wpel-link=\"external\" target=\"_blank\" rel=\"nofollow external noopener noreferrer\" class=\"ext-link\">The Insider<\/a>, que diz que Artemyev, de 54 anos, ter\u00e1 sido afastado da Crew-12 por <strong>viola\u00e7\u00f5es ao ITAR<\/strong> (International Traffic in Arms Regulations), uma lei norte-americana que visa <strong>proteger a seguran\u00e7a nacional<\/strong>, restringindo a divulga\u00e7\u00e3o de informa\u00e7\u00e3o e tecnologia sens\u00edveis.<\/p>\n<p>\u201cO cosmonauta ter\u00e1 <strong>fotografado documenta\u00e7\u00e3o da SpaceX<\/strong> e, em seguida, usado o telefone para <strong>exportar informa\u00e7\u00e3o classificad<\/strong>a\u00bb, escreve o The Insider, que cita o analista de lan\u00e7amentos <strong>Gregory Trishkin<\/strong>.<\/p>\n<p>\u201cOs meus contactos <strong>confirmam que ocorreu uma viola\u00e7\u00e3o<\/strong> e que foi lan\u00e7ada uma <strong>investiga\u00e7\u00e3o interdepartamental<\/strong>\u201c, disse Trishkin ao The Insider. \u201cAfastar algu\u00e9m de uma miss\u00e3o dois meses e meio antes do lan\u00e7amento, sem uma explica\u00e7\u00e3o clara, <strong>\u00e9 mais um sinal indireto, mas \u00e9 revelador<\/strong>\u201c.<\/p>\n<p>\u201c\u00c9 muito dif\u00edcil imaginar uma situa\u00e7\u00e3o em que um cosmonauta experiente possa, <strong>sem querer, cometer uma viola\u00e7\u00e3o t\u00e3o grave<\/strong>\u201c, acrescenta o analista.<\/p>\n<p>O The Insider cita ainda uma not\u00edcia <a href=\"https:\/\/t.me\/prostinas\/3438\" data-wpel-link=\"external\" target=\"_blank\" rel=\"nofollow external noopener noreferrer\" class=\"ext-link\">publicada<\/a> no domingo no \u201cYura, Forgive Me!\u201d, canal russo sobre voos espaciais no Telegram, segundo a qual as viola\u00e7\u00f5es ter\u00e3o <strong>ocorrido na semana passada<\/strong>, quando Artemyev se encontrava em treino na sede da SpaceX em Hawthorne, Calif\u00f3rnia. O cosmonauta ter\u00e1 alegadamente <strong>fotografado motores da SpaceX e outras tecnologias sens\u00edveis<\/strong> com o telem\u00f3vel.<\/p>\n<p>A Crew-12 \u00e9 a<strong> 12.\u00aa miss\u00e3o operacional de astronautas<\/strong> que a SpaceX realiza para a ISS ao abrigo de um contrato com a NASA. O Space.com contactou a SpaceX e a NASA para comentar o caso Artemyev, mas ainda n\u00e3o obteve resposta.<\/p>\n<p><strong>Artemyev passou um total de 560 dias no espa\u00e7o<\/strong>, ao longo de tr\u00eas miss\u00f5es de longa dura\u00e7\u00e3o na ISS, em mar\u00e7o de 2014, mar\u00e7o de 2018 e mar\u00e7o de 2022. Este \u00faltimo voo teve in\u00edcio <strong>apenas um m\u00eas depois da invas\u00e3o da Ucr\u00e2nia<\/strong> pela R\u00fassia, que desencadeou uma guerra que se mant\u00e9m at\u00e9 hoje.<\/p>\n<p>Em julho de 2022, a Roscosmos publicou fotografias de Artemyev e de dois colegas cosmonautas na ISS a <strong>segurarem as bandeiras de dois territ\u00f3rios<\/strong> separatistas pr\u00f3-russos na Ucr\u00e2nia.<\/p>\n<p>A NASA e o diretor da Ag\u00eancia Espacial Europeia (ESA) condenaram a encena\u00e7\u00e3o, sublinhando que o laborat\u00f3rio em \u00f3rbita n\u00e3o deve ser utilizado como plataforma de <strong>propaganda em tempo de guerra<\/strong>.<\/p>\n<p>O lan\u00e7amento da Crew-12 tem data prevista para n\u00e3o antes de 15 de fevereiro. Al\u00e9m de Fedyayev, a miss\u00e3o levar\u00e1 \u00e0 ISS a astronauta francesa <strong>Sophie Adenot<\/strong>, da ESA, e mais dois astronautas ainda por designar, para uma estadia de cerca de seis meses na ISS.<\/p>\n<p>    <a href=\"https:\/\/zap.aeiou.pt\/subscrever-newsletter\" data-wpel-link=\"internal\" rel=\"nofollow noopener\" target=\"_blank\">&#13;<br \/>\n        <img loading=\"lazy\" decoding=\"async\" class=\"aligncenter size-full wp-image-575475\" src=\"https:\/\/www.europesays.com\/pt\/wp-content\/uploads\/2025\/11\/2d51fe4a0ba54894421ead1809309ed9-1-450x140.jpg\" alt=\"Subscreva a Newsletter ZAP\" width=\"450\" height=\"140\"\/>&#13;<br \/>\n    <\/a><\/p>\n<p>                <a href=\"https:\/\/whatsapp.com\/channel\/0029VaIC4EE2f3EJZPPSbR34\" data-wpel-link=\"external\" target=\"_blank\" rel=\"nofollow external noopener noreferrer\" class=\"ext-link\">&#13;<br \/>\n                    <img loading=\"lazy\" decoding=\"async\" class=\"aligncenter size-full wp-image-575475\" src=\"https:\/\/www.europesays.com\/pt\/wp-content\/uploads\/2025\/11\/c68c559d956d4ca20f435ed74a6e71e6.png\" alt=\"Siga-nos no WhatsApp\" width=\"175\" height=\"64\"\/>&#13;<br \/>\n                <\/a><\/p>\n<p>                <a href=\"https:\/\/news.google.com\/publications\/CAAiEHRwZondIV71PDjWNoqMduEqFAgKIhB0cGaJ3SFe9Tw41jaKjHbh?hl=en-US&amp;gl=US&amp;ceid=US%3Aen\" data-wpel-link=\"external\" target=\"_blank\" rel=\"nofollow external noopener noreferrer\" class=\"ext-link\">&#13;<br \/>\n                    <img loading=\"lazy\" decoding=\"async\" class=\"aligncenter size-full wp-image-575475\" src=\"https:\/\/www.europesays.com\/pt\/wp-content\/uploads\/2025\/11\/5123dd8b087b644fdb8f8603acd1bad4.png\" alt=\"Siga-nos no Google News\" width=\"176\" height=\"64\"\/>&#13;<br \/>\n                <\/a><\/p>\n","protected":false},"excerpt":{"rendered":"Bill Ingalls \/ NASA O cosmonauta russo Oleg Artemyev \u00c9 muito dif\u00edcil imaginar uma situa\u00e7\u00e3o em que um&hellip;\n","protected":false},"author":2,"featured_media":175588,"comment_status":"","ping_status":"","sticky":false,"template":"","format":"standard","meta":{"footnotes":""},"categories":[50],"tags":[27,28,1897,413,15,16,14,8117,25,26,21,22,62,12,13,19,20,23,24,22009,839,585,17,18,29,30,31,63,64,65],"class_list":{"0":"post-175587","1":"post","2":"type-post","3":"status-publish","4":"format-standard","5":"has-post-thumbnail","7":"category-mundo","8":"tag-breaking-news","9":"tag-breakingnews","10":"tag-espionagem","11":"tag-eua","12":"tag-featured-news","13":"tag-featurednews","14":"tag-headlines","15":"tag-iss","16":"tag-latest-news","17":"tag-latestnews","18":"tag-main-news","19":"tag-mainnews","20":"tag-mundo","21":"tag-news","22":"tag-noticias","23":"tag-noticias-principais","24":"tag-noticiasprincipais","25":"tag-principais-noticias","26":"tag-principaisnoticias","27":"tag-roscosmos","28":"tag-russia","29":"tag-spacex","30":"tag-top-stories","31":"tag-topstories","32":"tag-ultimas","33":"tag-ultimas-noticias","34":"tag-ultimasnoticias","35":"tag-world","36":"tag-world-news","37":"tag-worldnews"},"share_on_mastodon":{"url":"","error":""},"_links":{"self":[{"href":"https:\/\/www.europesays.com\/pt\/wp-json\/wp\/v2\/posts\/175587","targetHints":{"allow":["GET"]}}],"collection":[{"href":"https:\/\/www.europesays.com\/pt\/wp-json\/wp\/v2\/posts"}],"about":[{"href":"https:\/\/www.europesays.com\/pt\/wp-json\/wp\/v2\/types\/post"}],"author":[{"embeddable":true,"href":"https:\/\/www.europesays.com\/pt\/wp-json\/wp\/v2\/users\/2"}],"replies":[{"embeddable":true,"href":"https:\/\/www.europesays.com\/pt\/wp-json\/wp\/v2\/comments?post=175587"}],"version-history":[{"count":0,"href":"https:\/\/www.europesays.com\/pt\/wp-json\/wp\/v2\/posts\/175587\/revisions"}],"wp:featuredmedia":[{"embeddable":true,"href":"https:\/\/www.europesays.com\/pt\/wp-json\/wp\/v2\/media\/175588"}],"wp:attachment":[{"href":"https:\/\/www.europesays.com\/pt\/wp-json\/wp\/v2\/media?parent=175587"}],"wp:term":[{"taxonomy":"category","embeddable":true,"href":"https:\/\/www.europesays.com\/pt\/wp-json\/wp\/v2\/categories?post=175587"},{"taxonomy":"post_tag","embeddable":true,"href":"https:\/\/www.europesays.com\/pt\/wp-json\/wp\/v2\/tags?post=175587"}],"curies":[{"name":"wp","href":"https:\/\/api.w.org\/{rel}","templated":true}]}}