{"id":175596,"date":"2025-12-04T16:29:10","date_gmt":"2025-12-04T16:29:10","guid":{"rendered":"https:\/\/www.europesays.com\/pt\/175596\/"},"modified":"2025-12-04T16:29:10","modified_gmt":"2025-12-04T16:29:10","slug":"emocionado-pedro-declara-se-a-mulher-a-frente-de-leandro-o-que-eu-mais-gosto-da-marisa-secret-story","status":"publish","type":"post","link":"https:\/\/www.europesays.com\/pt\/175596\/","title":{"rendered":"Emocionado, Pedro declara-se \u00e0 mulher \u00e0 frente de Leandro: \u00abO que eu mais gosto da Marisa&#8230;\u00bb &#8211; Secret Story"},"content":{"rendered":"<p>No Secret Story 9, Pedro declara-se a Marisa em pleno almo\u00e7o do Gangue dos Frescos&#8230; \u00e0 frente de Leandro! O concorrente n\u00e3o se cont\u00e9m nos elogios \u00e0 mulher e h\u00e1 at\u00e9 alguma emo\u00e7\u00e3o da parte de ambos \u00e0 mistura. Veja tudo.\u00a0<\/p>\n<p><strong>Esta semana, quatro concorrentes est\u00e3o nomeados e em risco de expuls\u00e3o. Pode votar na APP oficial do TVI reality ou atrav\u00e9s das linhas telef\u00f3nicas.<\/strong><\/p>\n<p>VOTE PARA SALVAR:<\/p>\n<p>BRUNA \u00a0\u2013 \u00a0761 20 20 03<br \/>LILIANA \u00a0\u2013 \u00a0761 20 20 14<br \/>MARISA \u00a0\u2013 \u00a0761 20 20 16<br \/>PEDRO \u00a0\u2013 \u00a0761 20 20 18<\/p>\n<p><a href=\"https:\/\/tvi.iol.pt\/secretstory\/aominuto\" rel=\"nofollow noopener\" target=\"_blank\">Acompanhe aqui tudo o que se passa no Secret Story 9\u00a0<\/a><\/p>\n","protected":false},"excerpt":{"rendered":"No Secret Story 9, Pedro declara-se a Marisa em pleno almo\u00e7o do Gangue dos Frescos&#8230; \u00e0 frente de&hellip;\n","protected":false},"author":2,"featured_media":175597,"comment_status":"","ping_status":"","sticky":false,"template":"","format":"standard","meta":{"footnotes":""},"categories":[142],"tags":[114,115,19184,18800,14646,32,33,151,162,18801],"class_list":{"0":"post-175596","1":"post","2":"type-post","3":"status-publish","4":"format-standard","5":"has-post-thumbnail","7":"category-tv","8":"tag-entertainment","9":"tag-entretenimento","10":"tag-marisa","11":"tag-momentos-virais-secret-story","12":"tag-pedro","13":"tag-portugal","14":"tag-pt","15":"tag-tv","16":"tag-tvi","17":"tag-videos-virais-concorrentes"},"share_on_mastodon":{"url":"https:\/\/pubeurope.com\/@pt\/115662249553028892","error":""},"_links":{"self":[{"href":"https:\/\/www.europesays.com\/pt\/wp-json\/wp\/v2\/posts\/175596","targetHints":{"allow":["GET"]}}],"collection":[{"href":"https:\/\/www.europesays.com\/pt\/wp-json\/wp\/v2\/posts"}],"about":[{"href":"https:\/\/www.europesays.com\/pt\/wp-json\/wp\/v2\/types\/post"}],"author":[{"embeddable":true,"href":"https:\/\/www.europesays.com\/pt\/wp-json\/wp\/v2\/users\/2"}],"replies":[{"embeddable":true,"href":"https:\/\/www.europesays.com\/pt\/wp-json\/wp\/v2\/comments?post=175596"}],"version-history":[{"count":0,"href":"https:\/\/www.europesays.com\/pt\/wp-json\/wp\/v2\/posts\/175596\/revisions"}],"wp:featuredmedia":[{"embeddable":true,"href":"https:\/\/www.europesays.com\/pt\/wp-json\/wp\/v2\/media\/175597"}],"wp:attachment":[{"href":"https:\/\/www.europesays.com\/pt\/wp-json\/wp\/v2\/media?parent=175596"}],"wp:term":[{"taxonomy":"category","embeddable":true,"href":"https:\/\/www.europesays.com\/pt\/wp-json\/wp\/v2\/categories?post=175596"},{"taxonomy":"post_tag","embeddable":true,"href":"https:\/\/www.europesays.com\/pt\/wp-json\/wp\/v2\/tags?post=175596"}],"curies":[{"name":"wp","href":"https:\/\/api.w.org\/{rel}","templated":true}]}}