{"id":175598,"date":"2025-12-04T16:30:24","date_gmt":"2025-12-04T16:30:24","guid":{"rendered":"https:\/\/www.europesays.com\/pt\/175598\/"},"modified":"2025-12-04T16:30:24","modified_gmt":"2025-12-04T16:30:24","slug":"o-pais-que-o-megadeth-visitara-pela-1a-vez-com-sua-turne-de-despedida","status":"publish","type":"post","link":"https:\/\/www.europesays.com\/pt\/175598\/","title":{"rendered":"O pa\u00eds que o Megadeth visitar\u00e1 pela 1\u00aa vez com sua turn\u00ea de despedida"},"content":{"rendered":"\n<p>O <strong><a href=\"https:\/\/igormiranda.com.br\/tag\/megadeth\/\" target=\"_blank\" rel=\"noreferrer noopener nofollow\">Megadeth<\/a><\/strong> anunciou mais apresenta\u00e7\u00f5es de sua turn\u00ea de despedida. Com datas marcadas entre fevereiro e setembro de 2026, a <strong>\u201cThis Was Our Life\u201d<\/strong> agora est\u00e1 confirmada na Am\u00e9rica do Sul, Am\u00e9rica do Norte e Europa, onde a banda visitar\u00e1 pela primeira vez um pa\u00eds.\u00a0<\/p>\n<p>Ap\u00f3s mais de 40 anos de carreira, o grupo tocar\u00e1 no <strong>Cazaquist\u00e3o<\/strong> \u2014 cujo territ\u00f3rio est\u00e1 localizado em boa parte na \u00c1sia Central. O show acontecer\u00e1 no dia 28 de junho, na cidade de Almaty, no Spartak Stadium (Central Park).<\/p>\n<p>&#8211; Advertisement &#8211;<\/p>\n<p><a href=\"https:\/\/parklive.world\/shows\/megadeth-almaty\" target=\"_blank\" rel=\"noreferrer noopener nofollow\">Por meio das redes sociais<\/a>, a promotora respons\u00e1vel Park Live World destacou:<\/p>\n<p>\u201cN\u00e3o perca o primeiro show do Megadeth na hist\u00f3ria do Cazaquist\u00e3o \u2014 um show poderoso no Est\u00e1dio Spartak em 28 de junho de 2026!\u201d<\/p>\n<p>Em outubro, o <a href=\"https:\/\/kz.kursiv.media\/2025-10-31\/assm-kultovaya-metal-gruppa-megadeth-planiruyet-priyekhat-v-kazakhstan\/?utm_source=in_materials\" target=\"_blank\" rel=\"noreferrer noopener nofollow\">site local Kursiv Media Kazakhstan<\/a> j\u00e1 havia noticiado a possibilidade. Isso porque um f\u00e3 do pa\u00eds chamado <strong>Kaisar Zhuman<\/strong> assistiu \u00e0 recente apresenta\u00e7\u00e3o em Londres, na Inglaterra, e, ap\u00f3s meet &amp; greet com a banda, contou ao ve\u00edculo:\u00a0<\/p>\n<p>\u201cQuando chegou a minha vez, me apresentei e disse ao <strong>Dave<\/strong> [<strong>Mustaine<\/strong>] que era um f\u00e3 dele do Cazaquist\u00e3o. Ele me interrompeu e me pedir para lhe contar mais sobre o Cazaquist\u00e3o [\u2026]. Fiquei t\u00e3o impressionado que quase esqueci de tirar uma foto com o Dave, mas a equipe me parou e me lembrou. Quando eu estava saindo, ele se despediu: \u2018te vejo no Cazaquist\u00e3o\u2019.\u201d<\/p>\n<p>Poucos artistas e bandas de alcance global se apresentaram no Cazaquist\u00e3o at\u00e9 hoje. Alguns dos nomes incluem <strong>Limp Bizkit<\/strong> (em 2015, 2017 e 2025), <strong>Thirty Seconds to Mars<\/strong> (2017, 2024 e 2025), <strong>Scorpions<\/strong> (2007 e 2024), <strong>Nicole Scherzinger<\/strong> (2013, 2014 e 2024), <strong>Nazareth<\/strong> (1998, 1999, 2007, 2008 e 2009), <strong>Black Eyed Peas<\/strong> (2007 e 2023) e <strong>The Rasmus<\/strong> (2009, 2019 e 2025).<\/p>\n<p>Veja todas as novas datas divulgadas abaixo:<\/p>\n<ul class=\"wp-block-list\">\n<li>7 de junho \u2013 Gelsenkirchen, Alemanha @ Amphitheater<\/li>\n<li>11 de junho \u2013 Esch-sur-Alzette, Luxemburgo @ Rockhal<\/li>\n<li>15 de junho \u2013 Zurique, Su\u00ed\u00e7a @ Halle 622<\/li>\n<li>16 de junho \u2013 Viena, \u00c1ustria @ Gasometer<\/li>\n<li>23 de junho \u2013 Istambul, Turquia @ Kucukciftlik Park<\/li>\n<li>28 de junho \u2013 Almaty, Cazaquist\u00e3o @ Est\u00e1dio Spartak<\/li>\n<\/ul>\n<p> Megadeth e a turn\u00ea de despedida <\/p>\n<p>O\u00a0Megadeth\u00a0est\u00e1 prestes a come\u00e7ar sua turn\u00ea de despedida, intitulada\u00a0\u201cThis Was Our Life\u201d. Ainda assim, a banda n\u00e3o est\u00e1 com tanta pressa para dizer adeus aos palcos, segundo o pr\u00f3prio\u00a0Dave Mustaine.<\/p>\n<p>Em entrevista \u00e0\u00a0<a href=\"https:\/\/www.kerrang.com\/megadeth-dave-mustaine-farewell-interview-thrash-metal-cover-story\" target=\"_blank\" rel=\"noreferrer noopener nofollow\">Kerrang!<\/a>, o frontman do grupo falou sobre a dura\u00e7\u00e3o pretendida para o giro. De acordo com o m\u00fasico, a excurs\u00e3o vai durar bastante, a ponto de provavelmente abra\u00e7ar uma data que o frontman n\u00e3o quer ver chegar: seu anivers\u00e1rio de 70 anos, em 2031.<\/p>\n<p>Ele disse:<\/p>\n<p>\u201cEstamos falando sobre facilmente estar em turn\u00ea por mais tr\u00eas a cinco anos. E se vamos fazer isso por tanto tempo, ent\u00e3o, m#rda, vou estar olhando para um anivers\u00e1rio que nem quero pensar a respeito.\u201d<\/p>\n<p>A \u201cThis Was Our Life\u201d passar\u00e1 pelo Brasil, com show \u00fanico no Espa\u00e7o Unimed, em S\u00e3o Paulo, no dia 2 de maio de 2026. Os ingressos come\u00e7aram a ser vendidos no \u00faltimo dia 5 de novembro \u2014 e j\u00e1 est\u00e3o esgotados.<\/p>\n<p><strong>Clique<\/strong> para seguir IgorMiranda.com.br no: <a href=\"https:\/\/instagram.com\/igormirandasite\" target=\"_blank\" rel=\"noreferrer noopener nofollow\">Instagram<\/a> | <a href=\"https:\/\/bsky.app\/profile\/igormirandasite.bsky.social\" target=\"_blank\" rel=\"noreferrer noopener nofollow\">Bluesky<\/a> | <a href=\"https:\/\/twitter.com\/igormirandasite\" target=\"_blank\" rel=\"noreferrer noopener nofollow\">Twitter<\/a> | <a href=\"https:\/\/tiktok.com\/@igormirandasite\" target=\"_blank\" rel=\"noreferrer noopener nofollow\">TikTok<\/a> | <a href=\"https:\/\/facebook.com\/igormirandasite\" target=\"_blank\" rel=\"noreferrer noopener nofollow\">Facebook<\/a> | <a href=\"https:\/\/www.youtube.com\/igormirandasite\" target=\"_blank\" rel=\"noreferrer noopener nofollow\">YouTube<\/a> | <a href=\"https:\/\/www.threads.net\/@igormirandasite\" target=\"_blank\" rel=\"noreferrer noopener nofollow\">Threads<\/a>.<\/p>\n<p> <script async src=\"https:\/\/platform.twitter.com\/widgets.js\" charset=\"utf-8\"><\/script><script async src=\"\/\/www.instagram.com\/embed.js\"><\/script><script async src=\"\/\/www.tiktok.com\/embed.js\"><\/script><\/p>\n","protected":false},"excerpt":{"rendered":"O Megadeth anunciou mais apresenta\u00e7\u00f5es de sua turn\u00ea de despedida. Com datas marcadas entre fevereiro e setembro de&hellip;\n","protected":false},"author":2,"featured_media":175599,"comment_status":"","ping_status":"","sticky":false,"template":"","format":"standard","meta":{"footnotes":""},"categories":[141],"tags":[114,115,9818,149,150,32,33],"class_list":{"0":"post-175598","1":"post","2":"type-post","3":"status-publish","4":"format-standard","5":"has-post-thumbnail","7":"category-musica","8":"tag-entertainment","9":"tag-entretenimento","10":"tag-megadeth","11":"tag-music","12":"tag-musica","13":"tag-portugal","14":"tag-pt"},"share_on_mastodon":{"url":"https:\/\/pubeurope.com\/@pt\/115662255503040542","error":""},"_links":{"self":[{"href":"https:\/\/www.europesays.com\/pt\/wp-json\/wp\/v2\/posts\/175598","targetHints":{"allow":["GET"]}}],"collection":[{"href":"https:\/\/www.europesays.com\/pt\/wp-json\/wp\/v2\/posts"}],"about":[{"href":"https:\/\/www.europesays.com\/pt\/wp-json\/wp\/v2\/types\/post"}],"author":[{"embeddable":true,"href":"https:\/\/www.europesays.com\/pt\/wp-json\/wp\/v2\/users\/2"}],"replies":[{"embeddable":true,"href":"https:\/\/www.europesays.com\/pt\/wp-json\/wp\/v2\/comments?post=175598"}],"version-history":[{"count":0,"href":"https:\/\/www.europesays.com\/pt\/wp-json\/wp\/v2\/posts\/175598\/revisions"}],"wp:featuredmedia":[{"embeddable":true,"href":"https:\/\/www.europesays.com\/pt\/wp-json\/wp\/v2\/media\/175599"}],"wp:attachment":[{"href":"https:\/\/www.europesays.com\/pt\/wp-json\/wp\/v2\/media?parent=175598"}],"wp:term":[{"taxonomy":"category","embeddable":true,"href":"https:\/\/www.europesays.com\/pt\/wp-json\/wp\/v2\/categories?post=175598"},{"taxonomy":"post_tag","embeddable":true,"href":"https:\/\/www.europesays.com\/pt\/wp-json\/wp\/v2\/tags?post=175598"}],"curies":[{"name":"wp","href":"https:\/\/api.w.org\/{rel}","templated":true}]}}