{"id":175615,"date":"2025-12-04T16:43:16","date_gmt":"2025-12-04T16:43:16","guid":{"rendered":"https:\/\/www.europesays.com\/pt\/175615\/"},"modified":"2025-12-04T16:43:16","modified_gmt":"2025-12-04T16:43:16","slug":"ja-saiu-o-novo-ranking-de-popularidade-e-ha-uma-coincidencia-impressionante-por-tras-dele-secret-story","status":"publish","type":"post","link":"https:\/\/www.europesays.com\/pt\/175615\/","title":{"rendered":"J\u00e1 saiu o novo ranking de popularidade. E h\u00e1 uma coincid\u00eancia impressionante por tr\u00e1s dele &#8211; Secret Story"},"content":{"rendered":"<p>J\u00e1 saiu o novo ranking de Popularidade do Secret Story 9, com algumas novidades face \u00e0 semana anterior.<\/p>\n<p>O p\u00f3dio \u00e9 ocupado pelos mesmos concorrentes, ainda que com uma troca de posi\u00e7\u00f5es: Pedro ocupa o primeiro lugar, mas Marisa sobe para segundo e Leandro desce para terceiro.\u00a0<\/p>\n<p>No meio da tabela est\u00e1 Ana, em quarto lugar e o casal, F\u00e1bio e Liliana em quinto e sexto, respetivamente. J\u00e1 no final do ranking est\u00e1 In\u00eas em s\u00e9timo lugar e Bruna em oitavo e \u00faltimo.\u00a0<\/p>\n<blockquote class=\"instagram-media\" data-instgrm-captioned=\"\" data-instgrm-permalink=\"https:\/\/www.instagram.com\/p\/DR11gqFDJyx\/?utm_source=ig_embed&amp;utm_campaign=loading\" data-instgrm-version=\"14\" style=\" background:#FFF; border:0; border-radius:3px; box-shadow:0 0 1px 0 rgba(0,0,0,0.5),0 1px 10px 0 rgba(0,0,0,0.15); margin: 1px; max-width:540px; min-width:326px; padding:0; width:99.375%; width:-webkit-calc(100% - 2px); width:calc(100% - 2px);\">\n<\/blockquote>\n<p>\u00a0<\/p>\n<p>Mas por tr\u00e1s deste ranking h\u00e1 uma coincid\u00eancia impressionante: os concorrentes est\u00e3o divididos na tabela, pelos grupos que se dividem no jogo.\u00a0Ou seja: o Gangue dos Frescos est\u00e1 no in\u00edcio da tabela; os que se dizem neutros &#8211; sem grupos &#8211; no meio e os Reis da Treta no final.\u00a0<\/p>\n<p>Veja todas as posi\u00e7\u00f5es em baixo:\u00a0<\/p>\n<p>1\u00ba Pedro\u00a0<\/p>\n<p>2\u00ba Marisa\u00a0<\/p>\n<p>3\u00ba Leandro\u00a0<\/p>\n<p>4\u00ba Ana<\/p>\n<p>5\u00ba F\u00e1bio<\/p>\n<p>6\u00ba Liliana<\/p>\n<p>7\u00ba In\u00eas\u00a0<\/p>\n<p>8\u00ba Bruna<\/p>\n<p>\u00a0<\/p>\n<p>                        <script async src=\"\/\/www.instagram.com\/embed.js\"><\/script><\/p>\n","protected":false},"excerpt":{"rendered":"J\u00e1 saiu o novo ranking de Popularidade do Secret Story 9, com algumas novidades face \u00e0 semana anterior.&hellip;\n","protected":false},"author":2,"featured_media":142037,"comment_status":"","ping_status":"","sticky":false,"template":"","format":"standard","meta":{"footnotes":""},"categories":[142],"tags":[8113,6340,1997,2632,329,333,328,335,336,114,115,334,19082,330,15353,12397,19016,1326,338,19184,19019,13,14646,21889,32,33,1315,8174,151,162,19020,227],"class_list":{"0":"post-175615","1":"post","2":"type-post","3":"status-publish","4":"format-standard","5":"has-post-thumbnail","7":"category-tv","8":"tag-alice-alves","9":"tag-ana","10":"tag-bruna","11":"tag-casa-dos-segredos","12":"tag-claudio-ramos","13":"tag-comentadores","14":"tag-concorrentes","15":"tag-confrontos","16":"tag-discussoes","17":"tag-entertainment","18":"tag-entretenimento","19":"tag-exclusivos","20":"tag-fabio","21":"tag-gala","22":"tag-ines","23":"tag-leandro","24":"tag-liliana","25":"tag-mafalda-castro","26":"tag-maria-botelho-moniz","27":"tag-marisa","28":"tag-marta-cardoso","29":"tag-noticias","30":"tag-pedro","31":"tag-popularidade","32":"tag-portugal","33":"tag-pt","34":"tag-secret-story","35":"tag-segredos","36":"tag-tv","37":"tag-tvi","38":"tag-video-do-dia","39":"tag-videos"},"share_on_mastodon":{"url":"https:\/\/pubeurope.com\/@pt\/115662304409449721","error":""},"_links":{"self":[{"href":"https:\/\/www.europesays.com\/pt\/wp-json\/wp\/v2\/posts\/175615","targetHints":{"allow":["GET"]}}],"collection":[{"href":"https:\/\/www.europesays.com\/pt\/wp-json\/wp\/v2\/posts"}],"about":[{"href":"https:\/\/www.europesays.com\/pt\/wp-json\/wp\/v2\/types\/post"}],"author":[{"embeddable":true,"href":"https:\/\/www.europesays.com\/pt\/wp-json\/wp\/v2\/users\/2"}],"replies":[{"embeddable":true,"href":"https:\/\/www.europesays.com\/pt\/wp-json\/wp\/v2\/comments?post=175615"}],"version-history":[{"count":0,"href":"https:\/\/www.europesays.com\/pt\/wp-json\/wp\/v2\/posts\/175615\/revisions"}],"wp:featuredmedia":[{"embeddable":true,"href":"https:\/\/www.europesays.com\/pt\/wp-json\/wp\/v2\/media\/142037"}],"wp:attachment":[{"href":"https:\/\/www.europesays.com\/pt\/wp-json\/wp\/v2\/media?parent=175615"}],"wp:term":[{"taxonomy":"category","embeddable":true,"href":"https:\/\/www.europesays.com\/pt\/wp-json\/wp\/v2\/categories?post=175615"},{"taxonomy":"post_tag","embeddable":true,"href":"https:\/\/www.europesays.com\/pt\/wp-json\/wp\/v2\/tags?post=175615"}],"curies":[{"name":"wp","href":"https:\/\/api.w.org\/{rel}","templated":true}]}}