{"id":175620,"date":"2025-12-04T16:46:08","date_gmt":"2025-12-04T16:46:08","guid":{"rendered":"https:\/\/www.europesays.com\/pt\/175620\/"},"modified":"2025-12-04T16:46:08","modified_gmt":"2025-12-04T16:46:08","slug":"cimeira-de-presidentes-varandas-regressa-a-lisboa-mais-cedo","status":"publish","type":"post","link":"https:\/\/www.europesays.com\/pt\/175620\/","title":{"rendered":"Cimeira de Presidentes: Varandas regressa a Lisboa mais cedo"},"content":{"rendered":"<p style=\"margin-bottom:11px\">O debate em volta do modelo proposto pela Liga Portugal para a centraliza\u00e7\u00e3o dos direitos televisivos domina a XVI Cimeira de Presidentes, que decorre nesta quinta-feira na sede da entidade, em Ramalde, no Porto. <a href=\"https:\/\/maisfutebol.iol.pt\/benfica\/sporting\/varandas-rui-costa-villas-boas-e-salvador-ja-estao-na-sede-da-liga\" rel=\"nofollow noopener\" target=\"_blank\">A reuni\u00e3o come\u00e7ou pouco depois das 10 horas e os representantes do Santa Clara foram os \u00faltimos a chegar. Arouca e Felgueiras n\u00e3o se fizeram representar<\/a>.<\/p>\n<p>De recordar que Liga e FPF t\u00eam at\u00e9 ao final desta \u00e9poca para apresentar uma proposta de modelo de comercializa\u00e7\u00e3o, posteriormente submetida a aprova\u00e7\u00e3o da Autoridade da Concorr\u00eancia. De olho na realidade financeira e competitiva de pa\u00edses como Inglaterra, Espanha e It\u00e1lia, as entidades que tutelam o futebol portugu\u00eas pretendem que as sociedades desportivas dos campeonatos profissionais n\u00e3o comercializem individualmente os direitos de transmiss\u00e3o.<\/p>\n<p>Ademais, a implementa\u00e7\u00e3o do novo modelo deve acontecer em 2028, conforme publicado em Decreto-Lei em fevereiro de 2021.<\/p>\n<p>A XVI Cimeira de Presidentes vai tamb\u00e9m abordar t\u00f3picos como infraestruturas e altera\u00e7\u00e3o dos quadros competitivos.<\/p>\n<p>Ainda que n\u00e3o conste da ordem de trabalhos, a\u00a0<a href=\"https:\/\/maisfutebol.iol.pt\/liga\/fpf\/apaf-ameaca-paragem-total-dos-arbitros-se-continuar-a-violencia-verbal\" rel=\"nofollow noopener\" target=\"_blank\">amea\u00e7a de greve por parte da APAF<\/a>\u00a0paira sobre a reuni\u00e3o. De recordar que, na noite de quarta-feira, a <a href=\"https:\/\/maisfutebol.iol.pt\/liga-portugal\/arbitragem\/liga-portugal-visa-apaf-posicao-incompreensivel-e-que-provoca-alarme\" rel=\"nofollow noopener\" target=\"_blank\">Liga Portugal qualificou como \u00abincompreens\u00edvel\u00bb<\/a> o comunicado da associa\u00e7\u00e3o que representa os \u00e1rbitros.<\/p>\n<p>Os presidentes chegaram pouco antes das 10 horas e deixaram o audit\u00f3rio pela primeira vez \u00e0s 13h30, cancelando o \u00abcoffee break\u00bb e saltando para o almo\u00e7o. \u00c9 a \u00fanica pausa. Nesse momento, Frederico Varandas e Andr\u00e9 Bernardo deixaram a sede da Liga, por compromissos inadi\u00e1veis em Lisboa. Em representa\u00e7\u00e3o do Sporting ficou Patr\u00edcia Silva Lopes, que ocupa o cargo de &#8220;Executive Board Advisor&#8221;.<\/p>\n<p>A cimeira termina pelas 16 horas, com Reinaldo Teixeira, presidente da Liga Portugal, a falar aos jornalistas de seguida.<\/p>\n","protected":false},"excerpt":{"rendered":"O debate em volta do modelo proposto pela Liga Portugal para a centraliza\u00e7\u00e3o dos direitos televisivos domina a&hellip;\n","protected":false},"author":2,"featured_media":175621,"comment_status":"","ping_status":"","sticky":false,"template":"","format":"standard","meta":{"footnotes":""},"categories":[87],"tags":[51,135,282,1664,36,22472,46,462,32,33,47,7820,6058,1233,34,134,3042],"class_list":{"0":"post-175620","1":"post","2":"type-post","3":"status-publish","4":"format-standard","5":"has-post-thumbnail","7":"category-desporto","8":"tag-benfica","9":"tag-desporto","10":"tag-fc-porto","11":"tag-frederico-varandas","12":"tag-liga","13":"tag-liga-portugal","14":"tag-maisfutebol","15":"tag-porto","16":"tag-portugal","17":"tag-pt","18":"tag-pura-paixao","19":"tag-reinaldo-teixeira","20":"tag-rui-costa","21":"tag-sp-braga","22":"tag-sporting","23":"tag-sports","24":"tag-villas-boas"},"share_on_mastodon":{"url":"https:\/\/pubeurope.com\/@pt\/115662316156904192","error":""},"_links":{"self":[{"href":"https:\/\/www.europesays.com\/pt\/wp-json\/wp\/v2\/posts\/175620","targetHints":{"allow":["GET"]}}],"collection":[{"href":"https:\/\/www.europesays.com\/pt\/wp-json\/wp\/v2\/posts"}],"about":[{"href":"https:\/\/www.europesays.com\/pt\/wp-json\/wp\/v2\/types\/post"}],"author":[{"embeddable":true,"href":"https:\/\/www.europesays.com\/pt\/wp-json\/wp\/v2\/users\/2"}],"replies":[{"embeddable":true,"href":"https:\/\/www.europesays.com\/pt\/wp-json\/wp\/v2\/comments?post=175620"}],"version-history":[{"count":0,"href":"https:\/\/www.europesays.com\/pt\/wp-json\/wp\/v2\/posts\/175620\/revisions"}],"wp:featuredmedia":[{"embeddable":true,"href":"https:\/\/www.europesays.com\/pt\/wp-json\/wp\/v2\/media\/175621"}],"wp:attachment":[{"href":"https:\/\/www.europesays.com\/pt\/wp-json\/wp\/v2\/media?parent=175620"}],"wp:term":[{"taxonomy":"category","embeddable":true,"href":"https:\/\/www.europesays.com\/pt\/wp-json\/wp\/v2\/categories?post=175620"},{"taxonomy":"post_tag","embeddable":true,"href":"https:\/\/www.europesays.com\/pt\/wp-json\/wp\/v2\/tags?post=175620"}],"curies":[{"name":"wp","href":"https:\/\/api.w.org\/{rel}","templated":true}]}}