{"id":175624,"date":"2025-12-04T16:49:21","date_gmt":"2025-12-04T16:49:21","guid":{"rendered":"https:\/\/www.europesays.com\/pt\/175624\/"},"modified":"2025-12-04T16:49:21","modified_gmt":"2025-12-04T16:49:21","slug":"iphone-17-pro-perde-recurso-importante-da-camara-e-utilizadores-estao-indignados","status":"publish","type":"post","link":"https:\/\/www.europesays.com\/pt\/175624\/","title":{"rendered":"iPhone 17 Pro perde recurso importante da c\u00e2mara e utilizadores est\u00e3o indignados"},"content":{"rendered":"<p class=\"leading\">\n                A Apple removeu uma funcionalidade importante da app C\u00e2mara no iPhone 17 Pro e alguns utilizadores j\u00e1 reclamam.            <\/p>\n<p>        <img decoding=\"async\" alt=\"iPhone 17 Pro perdeu uma funcionalidade de fotografia\" height=\"900\" src=\"https:\/\/www.europesays.com\/pt\/wp-content\/uploads\/2025\/12\/iphone-17-pro-perdeu-uma-funcionalidade-de-fotografia-2.jpg\" width=\"1600\" fetchpriority=\"high\"\/><br \/>\niPhone 17 Pro (Imagem: divulga\u00e7\u00e3o \/ Apple)<\/p>\n<p><a href=\"https:\/\/whatsapp.com\/channel\/0029Va54F7B7j6gBNXobAM16\" rel=\"nofollow noopener\" class=\"banner-deals mb20 banner-deals-rotation banner-deals-rotation--whatsapp\" target=\"_blank\"><\/p>\n<p>        Entra no nosso canal Whatsapp<br \/>e recebe as melhores ofertas<\/p>\n<p>        ENTRAR\n    <\/p>\n<p><\/a><\/p>\n<p>A <a href=\"https:\/\/4gnews.pt\/iphone-17-pro-max-review\/\" rel=\"nofollow noopener\" target=\"_blank\">nossa review do iPhone 17 Pro<\/a> j\u00e1 tinha destacado que o novo topo de gama da Apple deixava a desejar um pouco em alguns pontos da c\u00e2mara. Agora, os utilizadores perceberam que o <a href=\"https:\/\/4gnews.pt\/iphone-17-vs-iphone-17-pro-max-qual-o-smartphone-que-deves-comprar\/\" rel=\"nofollow noopener\" target=\"_blank\">iPhone 17 Pro<\/a> perdeu uma funcionalidade popular de fotografia e as rea\u00e7\u00f5es negativas j\u00e1 aparecem online.<\/p>\n<p>Adeus, modo Noite em conjunto com o modo Retrato<\/p>\n<p><a href=\"https:\/\/www.macworld.com\/article\/2999198\/the-iphone-17-pro-lost-a-key-feature-in-the-camera-app-and-users-are-upset.html\" rel=\"nofollow noopener\" target=\"_blank\">Conforme reportou o MacWorld<\/a>, o iPhone 17 Pro deixou de permitir o uso do modo Noite em conjunto com o modo Retrato, uma funcionalidade que muitos utilizadores consideravam essencial para fotografar com pouca luz.<\/p>\n<p>A Apple j\u00e1 confirmou oficialmente a mudan\u00e7a, que tem gerado bastante discuss\u00e3o online, sobretudo entre quem dependia desta combina\u00e7\u00e3o para obter retratos mais luminosos e com melhor desfoque.<\/p>\n<p>No <a href=\"https:\/\/www.reddit.com\/r\/iPhone17Pro\/comments\/1ofwqv6\/night_mode_in_portrait_mode_has_been_removed\/\" rel=\"nofollow noopener\" target=\"_blank\">Reddit<\/a>, em <a href=\"https:\/\/discussions.apple.com\/thread\/256157141?sortBy=rank\" rel=\"nofollow noopener\" target=\"_blank\">f\u00f3runs especializados<\/a> e nos pr\u00f3prios canais de suporte da Apple, muitos utilizadores classificaram a mudan\u00e7a como &#8220;um retrocesso funcional&#8221;.<\/p>\n<p><img decoding=\"async\" alt=\"modo Noite em conjunto com o modo Retrato\" height=\"737\" width=\"1068\" class=\"lazyload\" src=\"https:\/\/www.europesays.com\/pt\/wp-content\/uploads\/2025\/12\/iphone-modo-retrato-e-noturno.jpg\" loading=\"lazy\"\/><br \/>\nO modo noturno \u00e9 um recurso essencial para retratos h\u00e1 anos (Imagem: Apple)<br \/>\nO que muda na pr\u00e1tica para quem fotografa com o iPhone 17 Pro<\/p>\n<p>A partir desta gera\u00e7\u00e3o, sempre que tentas tirar uma foto em modo Retrato num ambiente escuro, o iPhone 17 Pro j\u00e1 n\u00e3o ativa a longa exposi\u00e7\u00e3o do modo Noite. Isto significa que as imagens deixam de captar as informa\u00e7\u00f5es de profundidade necess\u00e1rias para aplicar o desfoque posterior de forma precisa.<\/p>\n<p>Em termos simples, o sensor j\u00e1 n\u00e3o recolhe luz e profundidade ao mesmo tempo, o que pode resultar em retratos menos detalhados e com menos separa\u00e7\u00e3o entre sujeito e fundo. Para quem fotografa regularmente em ambientes noturnos, a aus\u00eancia desta combina\u00e7\u00e3o pode obrigar a recorrer a apps de terceiros ou a contornar as limita\u00e7\u00f5es com edi\u00e7\u00e3o manual.<\/p>\n<p>Esta combina\u00e7\u00e3o existia desde o iPhone 12 Pro e manteve-se ativa at\u00e9 ao iPhone 16 Pro, tornando-se uma ferramenta natural para quem fotografa \u00e0 noite, em interiores com pouca luz ou em eventos onde a ilumina\u00e7\u00e3o n\u00e3o ajuda.<\/p>\n<p>Por que remover a funcionalidade?<\/p>\n<p>A Apple n\u00e3o deu informa\u00e7\u00e3o oficial ou qualquer explica\u00e7\u00e3o t\u00e9cnica que justifique a decis\u00e3o ou que aponte para limita\u00e7\u00f5es espec\u00edficas de hardware ou de software. Apesar disso, surgiram v\u00e1rias teorias entre especialistas e entusiastas.<\/p>\n<p>A explica\u00e7\u00e3o mais mencionada aponta para mudan\u00e7as no posicionamento do sensor LiDAR e do flash. O LiDAR \u00e9 o sensor respons\u00e1vel pela leitura de profundidade, essencial para o modo Retrato, especialmente em ambientes escuros. Se a Apple alterou o seu posicionamento, isso pode ter afetado a forma como o sensor calcula dist\u00e2ncia e profundidade enquanto o modo Noite trabalha com longa exposi\u00e7\u00e3o.<\/p>\n<p>Para j\u00e1, a Apple n\u00e3o indicou se a funcionalidade poder\u00e1 regressar numa futura atualiza\u00e7\u00e3o de software, mas a discuss\u00e3o continua ativa. Entretanto, quem estiver a pensar comprar um iPhone 17 Pro deve ter esta altera\u00e7\u00e3o em conta, sobretudo se usar o smartphone como c\u00e2mara principal em ambientes de pouca luz.<\/p>\n<p><strong>Sugest\u00e3o 4gnews<\/strong><\/p>\n<p><a href=\"https:\/\/amzn.to\/4aw0MQ9\" target=\"_blank\" rel=\"nofollow noreferrer noopener\"><img decoding=\"async\" alt=\"Apple iPhone 17 256 GB\" height=\"488\" width=\"650\" class=\"lazyload\" src=\"https:\/\/www.europesays.com\/pt\/wp-content\/uploads\/2025\/12\/apple-iphone-17-256-gb-lavanda-31nd9iwvx1l-sl500.jpg\" loading=\"lazy\"\/><\/a><\/p>\n<p><strong>V\u00ea tamb\u00e9m:<\/strong><\/p>\n<p class=\"inline-related-title\">Editores 4gnews recomendam:<\/p>\n","protected":false},"excerpt":{"rendered":"A Apple removeu uma funcionalidade importante da app C\u00e2mara no iPhone 17 Pro e alguns utilizadores j\u00e1 reclamam.&hellip;\n","protected":false},"author":2,"featured_media":175625,"comment_status":"","ping_status":"","sticky":false,"template":"","format":"standard","meta":{"footnotes":""},"categories":[84],"tags":[109,107,108,32,33,105,103,104,106,110],"class_list":{"0":"post-175624","1":"post","2":"type-post","3":"status-publish","4":"format-standard","5":"has-post-thumbnail","7":"category-ciencia-e-tecnologia","8":"tag-ciencia","9":"tag-ciencia-e-tecnologia","10":"tag-cienciaetecnologia","11":"tag-portugal","12":"tag-pt","13":"tag-science","14":"tag-science-and-technology","15":"tag-scienceandtechnology","16":"tag-technology","17":"tag-tecnologia"},"share_on_mastodon":{"url":"https:\/\/pubeurope.com\/@pt\/115662328259875956","error":""},"_links":{"self":[{"href":"https:\/\/www.europesays.com\/pt\/wp-json\/wp\/v2\/posts\/175624","targetHints":{"allow":["GET"]}}],"collection":[{"href":"https:\/\/www.europesays.com\/pt\/wp-json\/wp\/v2\/posts"}],"about":[{"href":"https:\/\/www.europesays.com\/pt\/wp-json\/wp\/v2\/types\/post"}],"author":[{"embeddable":true,"href":"https:\/\/www.europesays.com\/pt\/wp-json\/wp\/v2\/users\/2"}],"replies":[{"embeddable":true,"href":"https:\/\/www.europesays.com\/pt\/wp-json\/wp\/v2\/comments?post=175624"}],"version-history":[{"count":0,"href":"https:\/\/www.europesays.com\/pt\/wp-json\/wp\/v2\/posts\/175624\/revisions"}],"wp:featuredmedia":[{"embeddable":true,"href":"https:\/\/www.europesays.com\/pt\/wp-json\/wp\/v2\/media\/175625"}],"wp:attachment":[{"href":"https:\/\/www.europesays.com\/pt\/wp-json\/wp\/v2\/media?parent=175624"}],"wp:term":[{"taxonomy":"category","embeddable":true,"href":"https:\/\/www.europesays.com\/pt\/wp-json\/wp\/v2\/categories?post=175624"},{"taxonomy":"post_tag","embeddable":true,"href":"https:\/\/www.europesays.com\/pt\/wp-json\/wp\/v2\/tags?post=175624"}],"curies":[{"name":"wp","href":"https:\/\/api.w.org\/{rel}","templated":true}]}}