{"id":175630,"date":"2025-12-04T16:53:48","date_gmt":"2025-12-04T16:53:48","guid":{"rendered":"https:\/\/www.europesays.com\/pt\/175630\/"},"modified":"2025-12-04T16:53:48","modified_gmt":"2025-12-04T16:53:48","slug":"benfica-impedido-de-vender-bilhetes-para-o-jogo-com-juventus-observador","status":"publish","type":"post","link":"https:\/\/www.europesays.com\/pt\/175630\/","title":{"rendered":"Benfica impedido de vender bilhetes para o jogo com Juventus \u2013 Observador"},"content":{"rendered":"<p>\u00c0 semelhan\u00e7a do que aconteceu em <a href=\"https:\/\/observador.pt\/2025\/07\/22\/benfica-confirma-que-esta-impedido-de-vender-bilhetes-para-a-visita-ao-nice\/#:~:text=Benfica%20confirma%20que%20est%C3%A1%20impedido%20de%20vender%20bilhetes%20para%20a,proibida%2C%20como%20acontece%20em%20Nice.\" rel=\"nofollow noopener\" target=\"_blank\">Nice<\/a>, o Benfica n\u00e3o ir\u00e1 ter adeptos nas bancadas do est\u00e1dio da Juventus, em Turim. O clube da Luz informou, em comunicado, ter sido impedido vender bilhetes para o jogo com a equipa italiana, em janeiro, a contar para a fase de liga da Liga dos Campe\u00f5es.<\/p>\n<p>Em causa est\u00e1 o comportamento dos adeptos encarnados no \u00faltimo jogo da competi\u00e7\u00e3o, em Amesterd\u00e3o, com o Ajax, no qual foram acesas tochas \u2014 um comportamento que a UEFA decidiu punir com a proibi\u00e7\u00e3o de venda de bilhetes no pr\u00f3ximo jogo fora de casa.<\/p>\n<p>\u201cO Sport Lisboa e Benfica informa que, na sequ\u00eancia do<strong> acendimento de tochas<\/strong> ocorrido no jogo frente ao Ajax, em Amesterd\u00e3o, o Clube est\u00e1 impedido pela UEFA de proceder \u00e0 venda de ingressos para o pr\u00f3ximo jogo fora na Liga dos Campe\u00f5es, diante da Juventus\u201d, informa o Benfica, em comunicado publicado no <a href=\"https:\/\/www.slbenfica.pt\/pt-pt\/agora\/noticias\/2025\/12\/04\/clube-benfica-comunicado-impedimento-uefa-venda-ingressos-jogo-juventus-fase-liga-champions-league\" rel=\"nofollow noopener\" target=\"_blank\">site<\/a> oficial.<\/p>\n<blockquote class=\"wp-embedded-content\" data-secret=\"Yr0QPJe9Sm\">\n<p><a href=\"https:\/\/observador.pt\/2025\/07\/22\/benfica-confirma-que-esta-impedido-de-vender-bilhetes-para-a-visita-ao-nice\/\" rel=\"nofollow noopener\" target=\"_blank\">Benfica confirma que est\u00e1 impedido de vender bilhetes para a visita ao Nice<\/a><\/p>\n<\/blockquote>\n<p>Para al\u00e9m disso, acrescenta o clube encarnado, \u201cpende ainda sobre o Benfica uma <strong>partida de pena suspensa por um per\u00edodo de dois anos<\/strong>, pelo que qualquer novo incidente relacionado com pirotecnia \u2013 seja em jogos disputados no Est\u00e1dio da Luz ou em desloca\u00e7\u00f5es ao estrangeiro \u2013 resultar\u00e1 numa nova interdi\u00e7\u00e3o de venda de bilhetes para encontros fora de portas e numa poss\u00edvel interdi\u00e7\u00e3o de acesso a determinados sectores nos jogos em casa\u201d.<\/p>\n<p>\u00c0 semelhan\u00e7a do que j\u00e1 tinha feito anteriormente, o Benfica apela ao bom comportamentos dos seus adeptos. \u201cO Sport Lisboa e Benfica volta, por isso, a apelar aos seus adeptos para que tenham um comportamento exemplar no apoio \u00e0 equipa, protegendo o Clube de san\u00e7\u00f5es adicionais e garantindo que todos continuamos a viver o Benfica com a paix\u00e3o e o entusiasmo que a nossa hist\u00f3ria merece\u201d.<\/p>\n","protected":false},"excerpt":{"rendered":"\u00c0 semelhan\u00e7a do que aconteceu em Nice, o Benfica n\u00e3o ir\u00e1 ter adeptos nas bancadas do est\u00e1dio da&hellip;\n","protected":false},"author":2,"featured_media":175631,"comment_status":"","ping_status":"","sticky":false,"template":"","format":"standard","meta":{"footnotes":""},"categories":[8],"tags":[51,27,28,135,15,16,524,14,25,26,21,22,12,13,19,20,32,23,24,33,17,18,2697,29,30,31],"class_list":{"0":"post-175630","1":"post","2":"type-post","3":"status-publish","4":"format-standard","5":"has-post-thumbnail","7":"category-principais-noticias","8":"tag-benfica","9":"tag-breaking-news","10":"tag-breakingnews","11":"tag-desporto","12":"tag-featured-news","13":"tag-featurednews","14":"tag-futebol","15":"tag-headlines","16":"tag-latest-news","17":"tag-latestnews","18":"tag-main-news","19":"tag-mainnews","20":"tag-news","21":"tag-noticias","22":"tag-noticias-principais","23":"tag-noticiasprincipais","24":"tag-portugal","25":"tag-principais-noticias","26":"tag-principaisnoticias","27":"tag-pt","28":"tag-top-stories","29":"tag-topstories","30":"tag-uefa","31":"tag-ultimas","32":"tag-ultimas-noticias","33":"tag-ultimasnoticias"},"share_on_mastodon":{"url":"https:\/\/pubeurope.com\/@pt\/115662347514584022","error":""},"_links":{"self":[{"href":"https:\/\/www.europesays.com\/pt\/wp-json\/wp\/v2\/posts\/175630","targetHints":{"allow":["GET"]}}],"collection":[{"href":"https:\/\/www.europesays.com\/pt\/wp-json\/wp\/v2\/posts"}],"about":[{"href":"https:\/\/www.europesays.com\/pt\/wp-json\/wp\/v2\/types\/post"}],"author":[{"embeddable":true,"href":"https:\/\/www.europesays.com\/pt\/wp-json\/wp\/v2\/users\/2"}],"replies":[{"embeddable":true,"href":"https:\/\/www.europesays.com\/pt\/wp-json\/wp\/v2\/comments?post=175630"}],"version-history":[{"count":0,"href":"https:\/\/www.europesays.com\/pt\/wp-json\/wp\/v2\/posts\/175630\/revisions"}],"wp:featuredmedia":[{"embeddable":true,"href":"https:\/\/www.europesays.com\/pt\/wp-json\/wp\/v2\/media\/175631"}],"wp:attachment":[{"href":"https:\/\/www.europesays.com\/pt\/wp-json\/wp\/v2\/media?parent=175630"}],"wp:term":[{"taxonomy":"category","embeddable":true,"href":"https:\/\/www.europesays.com\/pt\/wp-json\/wp\/v2\/categories?post=175630"},{"taxonomy":"post_tag","embeddable":true,"href":"https:\/\/www.europesays.com\/pt\/wp-json\/wp\/v2\/tags?post=175630"}],"curies":[{"name":"wp","href":"https:\/\/api.w.org\/{rel}","templated":true}]}}