{"id":175636,"date":"2025-12-04T16:59:15","date_gmt":"2025-12-04T16:59:15","guid":{"rendered":"https:\/\/www.europesays.com\/pt\/175636\/"},"modified":"2025-12-04T16:59:15","modified_gmt":"2025-12-04T16:59:15","slug":"pablo-alboran-da-concerto-mais-pequeno-do-mundo","status":"publish","type":"post","link":"https:\/\/www.europesays.com\/pt\/175636\/","title":{"rendered":"Pablo Albor\u00e1n d\u00e1 Concerto mais Pequeno do Mundo"},"content":{"rendered":"<p>H\u00e1 novo disco do Pablo Albor\u00e1n! Para festejar, vamos ter um Concerto Mais Pequeno do Mundo!\u00a0<\/p>\n<p>Inspirados no disco &#8220;Km 0&#8221;, os ouvintes t\u00eam de nos indicar um &#8220;km 0&#8221; na vida deles, um momento crucial que foi marcado pela m\u00fasica do Pablo Albor\u00e1n. A hist\u00f3ria deve ser contada em v\u00eddeo e enviada para o e-mail vouganharisto@radiocomercial.pt. O passatempo arranca dia 3 de dezembro \u00e0s\u00a09h e\u00a0termina no dia 10 \u00e0s 9 da noite!<\/p>\n<p>A valer um concerto, um jantar no restaurnate ERVA no Corinthia Lisboa e estadia com pequeno almo\u00e7o!!\u00a0<\/p>\n<p>Buena suerte!!<\/p>\n<p><a href=\"https:\/\/radiocomercial.pt\/upload\/files\/passatempo_rc_pablo_alboran_cmpm_dez25.pdf\" target=\"_blank\" rel=\"nofollow noopener\">Regulamento aqui!\u00a0<\/a><\/p>\n","protected":false},"excerpt":{"rendered":"H\u00e1 novo disco do Pablo Albor\u00e1n! Para festejar, vamos ter um Concerto Mais Pequeno do Mundo!\u00a0 Inspirados no&hellip;\n","protected":false},"author":2,"featured_media":175637,"comment_status":"","ping_status":"","sticky":false,"template":"","format":"standard","meta":{"footnotes":""},"categories":[141],"tags":[2088,5591,1044,5592,315,114,115,3804,1856,715,149,150,13,803,32,5593,33,550,766,5590],"class_list":{"0":"post-175636","1":"post","2":"type-post","3":"status-publish","4":"format-standard","5":"has-post-thumbnail","7":"category-musica","8":"tag-audio","9":"tag-bauermedia","10":"tag-comunicacao","11":"tag-conteudos","12":"tag-cultura","13":"tag-entertainment","14":"tag-entretenimento","15":"tag-imprensa","16":"tag-informacao","17":"tag-media","18":"tag-music","19":"tag-musica","20":"tag-noticias","21":"tag-podcast","22":"tag-portugal","23":"tag-programas","24":"tag-pt","25":"tag-publicidade","26":"tag-radio","27":"tag-radio-comercial"},"share_on_mastodon":{"url":"https:\/\/pubeurope.com\/@pt\/115662367412226414","error":""},"_links":{"self":[{"href":"https:\/\/www.europesays.com\/pt\/wp-json\/wp\/v2\/posts\/175636","targetHints":{"allow":["GET"]}}],"collection":[{"href":"https:\/\/www.europesays.com\/pt\/wp-json\/wp\/v2\/posts"}],"about":[{"href":"https:\/\/www.europesays.com\/pt\/wp-json\/wp\/v2\/types\/post"}],"author":[{"embeddable":true,"href":"https:\/\/www.europesays.com\/pt\/wp-json\/wp\/v2\/users\/2"}],"replies":[{"embeddable":true,"href":"https:\/\/www.europesays.com\/pt\/wp-json\/wp\/v2\/comments?post=175636"}],"version-history":[{"count":0,"href":"https:\/\/www.europesays.com\/pt\/wp-json\/wp\/v2\/posts\/175636\/revisions"}],"wp:featuredmedia":[{"embeddable":true,"href":"https:\/\/www.europesays.com\/pt\/wp-json\/wp\/v2\/media\/175637"}],"wp:attachment":[{"href":"https:\/\/www.europesays.com\/pt\/wp-json\/wp\/v2\/media?parent=175636"}],"wp:term":[{"taxonomy":"category","embeddable":true,"href":"https:\/\/www.europesays.com\/pt\/wp-json\/wp\/v2\/categories?post=175636"},{"taxonomy":"post_tag","embeddable":true,"href":"https:\/\/www.europesays.com\/pt\/wp-json\/wp\/v2\/tags?post=175636"}],"curies":[{"name":"wp","href":"https:\/\/api.w.org\/{rel}","templated":true}]}}