{"id":175638,"date":"2025-12-04T17:00:39","date_gmt":"2025-12-04T17:00:39","guid":{"rendered":"https:\/\/www.europesays.com\/pt\/175638\/"},"modified":"2025-12-04T17:00:39","modified_gmt":"2025-12-04T17:00:39","slug":"nao-sera-mais-sobre-hades-hercules-tera-remake-live-action-fiel-a-animacao","status":"publish","type":"post","link":"https:\/\/www.europesays.com\/pt\/175638\/","title":{"rendered":"N\u00e3o ser\u00e1 mais sobre Hades: &#8216;H\u00e9rcules&#8217; ter\u00e1 remake live-action fiel a anima\u00e7\u00e3o"},"content":{"rendered":"<p>O live-action de \u201c<a href=\"https:\/\/recreio.com.br\/tags\/hercules\" target=\"_blank\" rel=\"noopener nofollow\">H\u00e9rcules<\/a>\u201d n\u00e3o ter\u00e1 mais Hades como foco! Confirmado em 2020, a \u00faltima atualiza\u00e7\u00e3o sobre o filme revela que a Disney decidiu mudar a proposta para apostar em uma escolha mais segura e nost\u00e1lgica: um remake fiel \u00e0 anima\u00e7\u00e3o.<\/p>\n<p>Acontece que, no ano passado, os produtores <a href=\"https:\/\/www.instagram.com\/therussobrothers\/\" target=\"_blank\" rel=\"noopener nofollow\"><strong>Joe<\/strong> e <strong>Anthony Russo<\/strong><\/a> (conhecidos por \u201cCapit\u00e3o Am\u00e9rica: Guerra Civil\u201d e \u201cVingadores: Ultimato\u201d) haviam dito que o filme seria \u201cum pouco mais experimental no tom e na execu\u00e7\u00e3o\u201d, e que a ideia era trazer uma hist\u00f3ria que n\u00e3o fosse \u201capenas uma reinterpreta\u00e7\u00e3o do filme de anima\u00e7\u00e3o\u201d, conforme revelado em entrevista \u00e0 Variety.<\/p>\n<p>Al\u00e9m disso, o jornalista <strong>Daniel Richtman<\/strong>, especialista em vazamentos da ind\u00fastria, havia afirmado que a vers\u00e3o live-action traria uma hist\u00f3ria repaginada, apresentando Hades como protagonista, semelhante \u00e0 escolha da Disney feita com \u201cA Bela Adormecida\u201d e \u201c101 Dalmatas\u201d, em que as tramas de foram transformadas e deram origem a \u201cMal\u00e9vola\u201d e \u201c<a href=\"https:\/\/pt.wikipedia.org\/wiki\/Cruella_(filme)\" target=\"_blank\" rel=\"noopener nofollow\">Cruella<\/a>\u201d. Na \u00e9poca, <strong>Ritchman<\/strong> ainda afirmou que uma decis\u00e3o final n\u00e3o havia sido tomada.<\/p>\n<p>No entanto, segundo o jornalista <strong>Jeff Sneider<\/strong>, do site especializado em Disney, The DisInsider, as ideias foram descartadas devido ao sucesso de \u201cLilo &amp; Stitch\u201d, que, ao adaptar de maneira aproximada a anima\u00e7\u00e3o de 2002, alcan\u00e7ou US$ 1 bilh\u00e3o em bilheteria no mundo todo, tornando-se o maior filme de Hollywood em 2025.<\/p>\n<p>Para isso, um novo roteiro est\u00e1 sendo escrito. Vale lembrar que o roteiro inicial teve <strong>Dave Callaham<\/strong> (Os Mercen\u00e1rios), mas os produtores est\u00e3o em busca de um novo profissional para escrever a nova vers\u00e3o.<strong> Guy Ritche<\/strong> (Aladdin) ser\u00e1 o diretor do live-action.<\/p>\n<p> Mais sobre \u2018H\u00e9rcules\u2019 <img loading=\"lazy\" decoding=\"async\" class=\"size-full wp-image-44682 img-fluid lazy\" alt=\"\" width=\"1280\" height=\"720\" src=\"https:\/\/www.europesays.com\/pt\/wp-content\/uploads\/2025\/12\/hercules_musculo_capa.png\"\/>Cena da anima\u00e7\u00e3o H\u00e9rcules (1997) \u2013 Reprodu\u00e7\u00e3o\/ Disney <\/p>\n<p>Musical infantil, \u201cH\u00e9rcules\u201d foi lan\u00e7ado em 1997 com dire\u00e7\u00e3o de <strong>Ron Clements<\/strong> e <strong>John Musker<\/strong>. O filme est\u00e1 dispon\u00edvel para streaming no<a href=\"https:\/\/www.disneyplus.com\/pt-br\" target=\"_blank\" rel=\"noopener nofollow\"> Disney+<\/a> com a seguinte sinopse:<\/p>\n<p>\u201cTirado dos deuses ainda rec\u00e9m-nascido e adotado na Terra, H\u00e9rcules se torna um adolescente desajeitado e forte. Ele descobre que tem um lugar no Monte Olimpo com o pai Zeus \u2013 se conseguir aguentar os problemas da adolesc\u00eancia e virar um her\u00f3i. Junto com P\u00e9gaso, o garanh\u00e3o voador, e Phil, um personal trainer, H\u00e9rcules tem a miss\u00e3o de punir Hades de uma vez por todas. Cont\u00e9m cenas com fumantes.\u201d<\/p>\n<p>\u00a0<\/p>\n<p>        <a href=\"https:\/\/recreio.com.br\/noticias\/author\/izabela-queiroz\" rel=\"nofollow noopener\" target=\"_blank\">&#13;<br \/>\n          <img alt=\"Izabela Queiroz\" src=\"https:\/\/www.europesays.com\/pt\/wp-content\/uploads\/2025\/12\/1764867639_851_73c0b9c1056486c3f0ac887fc031213cdd608512c3b419d28e1ba5da81c3eb12\"  class=\"avatar avatar-115 photo rounded-circle mr-3\" height=\"115\" width=\"115\" loading=\"lazy\" decoding=\"async\"\/>        <\/a><\/p>\n<p>Izabela Queiroz, jornalista por paix\u00e3o e cin\u00e9fila de carteirinha. Formada pela UNINOVE, encontrou na escrita o lugar ideal para unir tudo o que mais gosta: filmes, s\u00e9ries e m\u00fasica. Nos textos, h\u00e1 quase sempre refer\u00eancias a algo relacionado \u00e0 cultura pop que a marcou. Fora deles, a encontrar\u00e1 assistindo hist\u00f3rias com reviravoltas chocantes, romances cativantes e dramas que a fazem chorar.<\/p>\n<p>\t                                            <script async src=\"\/\/www.instagram.com\/embed.js\"><\/script><\/p>\n","protected":false},"excerpt":{"rendered":"O live-action de \u201cH\u00e9rcules\u201d n\u00e3o ter\u00e1 mais Hades como foco! Confirmado em 2020, a \u00faltima atualiza\u00e7\u00e3o sobre o&hellip;\n","protected":false},"author":2,"featured_media":175639,"comment_status":"","ping_status":"","sticky":false,"template":"","format":"standard","meta":{"footnotes":""},"categories":[140],"tags":[10195,1579,114,115,147,148,36450,14079,146,32,33],"class_list":{"0":"post-175638","1":"post","2":"type-post","3":"status-publish","4":"format-standard","5":"has-post-thumbnail","7":"category-filmes","8":"tag-animacoes","9":"tag-disney","10":"tag-entertainment","11":"tag-entretenimento","12":"tag-film","13":"tag-filmes","14":"tag-hercules","15":"tag-live-action","16":"tag-movies","17":"tag-portugal","18":"tag-pt"},"share_on_mastodon":{"url":"https:\/\/pubeurope.com\/@pt\/115662371594816804","error":""},"_links":{"self":[{"href":"https:\/\/www.europesays.com\/pt\/wp-json\/wp\/v2\/posts\/175638","targetHints":{"allow":["GET"]}}],"collection":[{"href":"https:\/\/www.europesays.com\/pt\/wp-json\/wp\/v2\/posts"}],"about":[{"href":"https:\/\/www.europesays.com\/pt\/wp-json\/wp\/v2\/types\/post"}],"author":[{"embeddable":true,"href":"https:\/\/www.europesays.com\/pt\/wp-json\/wp\/v2\/users\/2"}],"replies":[{"embeddable":true,"href":"https:\/\/www.europesays.com\/pt\/wp-json\/wp\/v2\/comments?post=175638"}],"version-history":[{"count":0,"href":"https:\/\/www.europesays.com\/pt\/wp-json\/wp\/v2\/posts\/175638\/revisions"}],"wp:featuredmedia":[{"embeddable":true,"href":"https:\/\/www.europesays.com\/pt\/wp-json\/wp\/v2\/media\/175639"}],"wp:attachment":[{"href":"https:\/\/www.europesays.com\/pt\/wp-json\/wp\/v2\/media?parent=175638"}],"wp:term":[{"taxonomy":"category","embeddable":true,"href":"https:\/\/www.europesays.com\/pt\/wp-json\/wp\/v2\/categories?post=175638"},{"taxonomy":"post_tag","embeddable":true,"href":"https:\/\/www.europesays.com\/pt\/wp-json\/wp\/v2\/tags?post=175638"}],"curies":[{"name":"wp","href":"https:\/\/api.w.org\/{rel}","templated":true}]}}