{"id":175640,"date":"2025-12-04T17:01:13","date_gmt":"2025-12-04T17:01:13","guid":{"rendered":"https:\/\/www.europesays.com\/pt\/175640\/"},"modified":"2025-12-04T17:01:13","modified_gmt":"2025-12-04T17:01:13","slug":"aursnes-elogia-rafa-silva-o-meu-jogador-favorito-de-sempre-no-benfica","status":"publish","type":"post","link":"https:\/\/www.europesays.com\/pt\/175640\/","title":{"rendered":"Aursnes elogia Rafa Silva: \u00abO meu jogador favorito de sempre no Benfica\u00bb"},"content":{"rendered":"<p data-end=\"409\" data-start=\"196\">Fredrik Aursnes revelou algumas curiosidades pessoais numa entrevista \u00e0 Betano, mas foi ao falar de Rafa Silva que deixou a resposta mais marcante antes do d\u00e9rbi frente ao Sporting, a contar para o campeonato.<\/p>\n<p data-end=\"682\" data-start=\"411\">O m\u00e9dio noruegu\u00eas, pe\u00e7a-chave do xadrez dos encarnados, n\u00e3o hesitou quando foi convidado a escolher o seu jogador preferido de sempre na equipa: \u00abRafa Silva\u00bb, atirou de imediato, refor\u00e7ando a admira\u00e7\u00e3o pelo internacional portugu\u00eas, agora ao servi\u00e7o dos turcos do Besiktas.<\/p>\n<p data-end=\"887\" data-start=\"684\">Ao longo da entrevista, o noruegu\u00eas foi desvendando outras prefer\u00eancias e curiosidades. Disse que a sua comida favorita \u00e9 um simples bife, escolheu Rodri como o melhor jogador que enfrentou, destacou F\u00e0bregas como her\u00f3i de inf\u00e2ncia e confessou que, se n\u00e3o fosse futebolista, gostaria de ser chef.<\/p>\n<p data-end=\"1443\" data-start=\"1204\">Revelou ainda um talento escondido: \u00abSou um jogador de golfe aceit\u00e1vel\u00bb, afirmou. A palavra portuguesa que mais gosta de dizer \u00e9 \u00abobrigado\u00bb\u00a0e a maior surpresa desde que chegou ao pa\u00eds tem sido \u00aba comida portuguesa\u00bb.<\/p>\n<p data-end=\"1606\" data-start=\"1445\">Questionado sobre a m\u00fasica que o motiva antes dos jogos, Aursnes escolheu um cl\u00e1ssico: \u00abLife is Life\u00bb, c\u00e9lebre pelo v\u00eddeo de Maradona no aquecimento de um jogo no N\u00e1poles.<\/p>\n<p data-end=\"1757\" data-start=\"1608\">De recordar,\u00a0Aursnes, conviveu com Rafa entre as temporadas 2021\/22 e 2023\/24 no Benfica, antes do avan\u00e7ado portugu\u00eas ingressar no futebol turco.<\/p>\n","protected":false},"excerpt":{"rendered":"Fredrik Aursnes revelou algumas curiosidades pessoais numa entrevista \u00e0 Betano, mas foi ao falar de Rafa Silva que&hellip;\n","protected":false},"author":2,"featured_media":175641,"comment_status":"","ping_status":"","sticky":false,"template":"","format":"standard","meta":{"footnotes":""},"categories":[87],"tags":[9063,51,36451,135,741,46,32,33,47,21749,134],"class_list":{"0":"post-175640","1":"post","2":"type-post","3":"status-publish","4":"format-standard","5":"has-post-thumbnail","7":"category-desporto","8":"tag-aursnes","9":"tag-benfica","10":"tag-betano","11":"tag-desporto","12":"tag-entrevista","13":"tag-maisfutebol","14":"tag-portugal","15":"tag-pt","16":"tag-pura-paixao","17":"tag-rafa-silva","18":"tag-sports"},"share_on_mastodon":{"url":"https:\/\/pubeurope.com\/@pt\/115662375186924389","error":""},"_links":{"self":[{"href":"https:\/\/www.europesays.com\/pt\/wp-json\/wp\/v2\/posts\/175640","targetHints":{"allow":["GET"]}}],"collection":[{"href":"https:\/\/www.europesays.com\/pt\/wp-json\/wp\/v2\/posts"}],"about":[{"href":"https:\/\/www.europesays.com\/pt\/wp-json\/wp\/v2\/types\/post"}],"author":[{"embeddable":true,"href":"https:\/\/www.europesays.com\/pt\/wp-json\/wp\/v2\/users\/2"}],"replies":[{"embeddable":true,"href":"https:\/\/www.europesays.com\/pt\/wp-json\/wp\/v2\/comments?post=175640"}],"version-history":[{"count":0,"href":"https:\/\/www.europesays.com\/pt\/wp-json\/wp\/v2\/posts\/175640\/revisions"}],"wp:featuredmedia":[{"embeddable":true,"href":"https:\/\/www.europesays.com\/pt\/wp-json\/wp\/v2\/media\/175641"}],"wp:attachment":[{"href":"https:\/\/www.europesays.com\/pt\/wp-json\/wp\/v2\/media?parent=175640"}],"wp:term":[{"taxonomy":"category","embeddable":true,"href":"https:\/\/www.europesays.com\/pt\/wp-json\/wp\/v2\/categories?post=175640"},{"taxonomy":"post_tag","embeddable":true,"href":"https:\/\/www.europesays.com\/pt\/wp-json\/wp\/v2\/tags?post=175640"}],"curies":[{"name":"wp","href":"https:\/\/api.w.org\/{rel}","templated":true}]}}