{"id":175675,"date":"2025-12-04T17:41:10","date_gmt":"2025-12-04T17:41:10","guid":{"rendered":"https:\/\/www.europesays.com\/pt\/175675\/"},"modified":"2025-12-04T17:41:10","modified_gmt":"2025-12-04T17:41:10","slug":"governo-aprova-novo-regime-para-deportacao-de-imigrantes-ilegais-imigracao","status":"publish","type":"post","link":"https:\/\/www.europesays.com\/pt\/175675\/","title":{"rendered":"Governo aprova novo regime para deporta\u00e7\u00e3o de imigrantes ilegais | Imigra\u00e7\u00e3o"},"content":{"rendered":"<p>O Conselho de Ministros aprovou nesta quinta-feira a proposta de autoriza\u00e7\u00e3o legislativa para endurecer a deporta\u00e7\u00e3o para quem entra e permanece em situa\u00e7\u00e3o ilegal em Portugal. Ant\u00f3nio Leit\u00e3o Amaro, ministro da Presid\u00eancia do Conselho de Ministros, chama-lhe a &#8220;\u00faltima pe\u00e7a legislativa da pol\u00edtica migrat\u00f3ria&#8221; que o pa\u00eds n\u00e3o tinha. &#8220;Portugal estava sem&#8221;, nas palavras do governante.<\/p>\n<p>&#8220;\u00c9 dirigida aqueles que violam as regras, n\u00e3o \u00e9 para todos, n\u00e3o se aplica indiscriminadamente&#8221;, notou Ant\u00f3nio Leit\u00e3o Amaro, falando numa lei &#8220;moderada e equilibrada&#8221;.<\/p>\n<p>A lei de estrangeiros, recentemente alterada e alvo de chumbo no Tribunal Constitucional, j\u00e1 prev\u00ea e baliza o afastamento do territ\u00f3rio nacional daqueles que entrem ou permane\u00e7am ilegalmente no territ\u00f3rio nacional, bem como de quem \u201catente contra a seguran\u00e7a nacional e ordem p\u00fablica\u201d ou ameace interesses e dignidade do Estado.<\/p>\n","protected":false},"excerpt":{"rendered":"O Conselho de Ministros aprovou nesta quinta-feira a proposta de autoriza\u00e7\u00e3o legislativa para endurecer a deporta\u00e7\u00e3o para quem&hellip;\n","protected":false},"author":2,"featured_media":175676,"comment_status":"","ping_status":"","sticky":false,"template":"","format":"standard","meta":{"footnotes":""},"categories":[10],"tags":[14705,27,28,853,15,16,14,1481,25,26,21,22,12,13,19,20,52,32,23,24,33,17,18,29,30,31],"class_list":{"0":"post-175675","1":"post","2":"type-post","3":"status-publish","4":"format-standard","5":"has-post-thumbnail","7":"category-portugal","8":"tag-antonio-leitao-amaro","9":"tag-breaking-news","10":"tag-breakingnews","11":"tag-conselho-de-ministros","12":"tag-featured-news","13":"tag-featurednews","14":"tag-headlines","15":"tag-imigracao","16":"tag-latest-news","17":"tag-latestnews","18":"tag-main-news","19":"tag-mainnews","20":"tag-news","21":"tag-noticias","22":"tag-noticias-principais","23":"tag-noticiasprincipais","24":"tag-politica","25":"tag-portugal","26":"tag-principais-noticias","27":"tag-principaisnoticias","28":"tag-pt","29":"tag-top-stories","30":"tag-topstories","31":"tag-ultimas","32":"tag-ultimas-noticias","33":"tag-ultimasnoticias"},"share_on_mastodon":{"url":"https:\/\/pubeurope.com\/@pt\/115662532517448478","error":""},"_links":{"self":[{"href":"https:\/\/www.europesays.com\/pt\/wp-json\/wp\/v2\/posts\/175675","targetHints":{"allow":["GET"]}}],"collection":[{"href":"https:\/\/www.europesays.com\/pt\/wp-json\/wp\/v2\/posts"}],"about":[{"href":"https:\/\/www.europesays.com\/pt\/wp-json\/wp\/v2\/types\/post"}],"author":[{"embeddable":true,"href":"https:\/\/www.europesays.com\/pt\/wp-json\/wp\/v2\/users\/2"}],"replies":[{"embeddable":true,"href":"https:\/\/www.europesays.com\/pt\/wp-json\/wp\/v2\/comments?post=175675"}],"version-history":[{"count":0,"href":"https:\/\/www.europesays.com\/pt\/wp-json\/wp\/v2\/posts\/175675\/revisions"}],"wp:featuredmedia":[{"embeddable":true,"href":"https:\/\/www.europesays.com\/pt\/wp-json\/wp\/v2\/media\/175676"}],"wp:attachment":[{"href":"https:\/\/www.europesays.com\/pt\/wp-json\/wp\/v2\/media?parent=175675"}],"wp:term":[{"taxonomy":"category","embeddable":true,"href":"https:\/\/www.europesays.com\/pt\/wp-json\/wp\/v2\/categories?post=175675"},{"taxonomy":"post_tag","embeddable":true,"href":"https:\/\/www.europesays.com\/pt\/wp-json\/wp\/v2\/tags?post=175675"}],"curies":[{"name":"wp","href":"https:\/\/api.w.org\/{rel}","templated":true}]}}