{"id":175700,"date":"2025-12-04T18:06:13","date_gmt":"2025-12-04T18:06:13","guid":{"rendered":"https:\/\/www.europesays.com\/pt\/175700\/"},"modified":"2025-12-04T18:06:13","modified_gmt":"2025-12-04T18:06:13","slug":"ia-e-o-trifold-global-abrem-a-ces-2026","status":"publish","type":"post","link":"https:\/\/www.europesays.com\/pt\/175700\/","title":{"rendered":"IA e o TriFold global abrem a CES 2026"},"content":{"rendered":"<p>A Samsung n\u00e3o quer esperar pela abertura oficial da CES 2026 para definir a agenda tecnol\u00f3gica do ano. A gigante sul-coreana anunciou oficialmente o seu evento <strong>\u201cThe First Look\u201d<\/strong>, agendado para o dia <strong>4 de janeiro<\/strong>, dois dias antes do in\u00edcio da maior feira de eletr\u00f3nica de consumo do mundo, em Las Vegas.<\/p>\n<p>Este evento, que ter\u00e1 lugar no Wynn Las Vegas e ser\u00e1 transmitido globalmente, promete ser muito mais do que uma montra de televis\u00f5es. Com <strong>TM Roh<\/strong>, o CEO e chefe da divis\u00e3o DX (Device eXperience), a liderar a apresenta\u00e7\u00e3o, a Samsung prepara-se para revelar a sua vis\u00e3o unificada para 2026, onde a Intelig\u00eancia Artificial ser\u00e1 o fio condutor entre todos os dispositivos, desde o bolso at\u00e9 \u00e0 cozinha.<\/p>\n<p><img fetchpriority=\"high\" decoding=\"async\" width=\"1200\" height=\"675\" src=\"https:\/\/www.europesays.com\/pt\/wp-content\/uploads\/2025\/12\/Samsung-The-First-Look-1200x675.webp.webp\" alt=\"Samsung - the first look\" class=\"wp-image-163640\" title=\"Samsung The First Look TecheNet\"  \/><\/p>\n<p>O que esperar: a IA no centro da experi\u00eancia<\/p>\n<p>O tema oficial do evento \u00e9 a apresenta\u00e7\u00e3o da \u201cvis\u00e3o para a divis\u00e3o DX para 2026\u201d e das \u201cexperi\u00eancias de cliente impulsionadas por IA\u201d. Traduzindo o \u201ccorporativ\u00eas\u201d, isto significa que a Samsung vai mostrar como a sua plataforma SmartThings e a intelig\u00eancia artificial v\u00e3o ligar os seus smartphones, televis\u00f5es e eletrodom\u00e9sticos de forma ainda mais profunda e aut\u00f3noma.<\/p>\n<p>Esperam-se novidades na linha de <strong>Smart TVs<\/strong> (provavelmente com novos avan\u00e7os em MicroLED e OLED), novos eletrodom\u00e9sticos inteligentes e, claro, uma forte \u00eanfase na casa conectada.<\/p>\n<p>A grande estrela m\u00f3vel: Galaxy Z TriFold global?<\/p>\n<p>Embora a CES seja tradicionalmente focada em eletr\u00f3nica de consumo para a casa, a grande expectativa para este \u201cFirst Look\u201d recai sobre o segmento m\u00f3vel. Os analistas esperam que a Samsung aproveite este palco global para anunciar finalmente a <strong>disponibilidade e o pre\u00e7o internacional do Galaxy Z TriFold<\/strong>.<\/p>\n<p>O revolucion\u00e1rio smartphone de tr\u00eas pain\u00e9is, que j\u00e1 foi revelado, precisa de uma data de chegada ao ocidente para come\u00e7ar a competir com as alternativas chinesas. Se confirmado, este an\u00fancio transformar\u00e1 o evento num marco tamb\u00e9m para a ind\u00fastria m\u00f3vel, antecipando o habitual evento \u201cUnpacked\u201d da marca.<\/p>\n<p>A transmiss\u00e3o em direto estar\u00e1 dispon\u00edvel no canal de YouTube da Samsung, marcando o arranque oficial de um ano que promete ser decisivo para a tecnologia de consumo.<\/p>\n<p><strong>Outros artigos interessantes:<\/strong><\/p>\n","protected":false},"excerpt":{"rendered":"A Samsung n\u00e3o quer esperar pela abertura oficial da CES 2026 para definir a agenda tecnol\u00f3gica do ano.&hellip;\n","protected":false},"author":2,"featured_media":175701,"comment_status":"","ping_status":"","sticky":false,"template":"","format":"standard","meta":{"footnotes":""},"categories":[84],"tags":[109,107,108,32,33,105,103,104,106,110],"class_list":{"0":"post-175700","1":"post","2":"type-post","3":"status-publish","4":"format-standard","5":"has-post-thumbnail","7":"category-ciencia-e-tecnologia","8":"tag-ciencia","9":"tag-ciencia-e-tecnologia","10":"tag-cienciaetecnologia","11":"tag-portugal","12":"tag-pt","13":"tag-science","14":"tag-science-and-technology","15":"tag-scienceandtechnology","16":"tag-technology","17":"tag-tecnologia"},"share_on_mastodon":{"url":"https:\/\/pubeurope.com\/@pt\/115662630953487386","error":""},"_links":{"self":[{"href":"https:\/\/www.europesays.com\/pt\/wp-json\/wp\/v2\/posts\/175700","targetHints":{"allow":["GET"]}}],"collection":[{"href":"https:\/\/www.europesays.com\/pt\/wp-json\/wp\/v2\/posts"}],"about":[{"href":"https:\/\/www.europesays.com\/pt\/wp-json\/wp\/v2\/types\/post"}],"author":[{"embeddable":true,"href":"https:\/\/www.europesays.com\/pt\/wp-json\/wp\/v2\/users\/2"}],"replies":[{"embeddable":true,"href":"https:\/\/www.europesays.com\/pt\/wp-json\/wp\/v2\/comments?post=175700"}],"version-history":[{"count":0,"href":"https:\/\/www.europesays.com\/pt\/wp-json\/wp\/v2\/posts\/175700\/revisions"}],"wp:featuredmedia":[{"embeddable":true,"href":"https:\/\/www.europesays.com\/pt\/wp-json\/wp\/v2\/media\/175701"}],"wp:attachment":[{"href":"https:\/\/www.europesays.com\/pt\/wp-json\/wp\/v2\/media?parent=175700"}],"wp:term":[{"taxonomy":"category","embeddable":true,"href":"https:\/\/www.europesays.com\/pt\/wp-json\/wp\/v2\/categories?post=175700"},{"taxonomy":"post_tag","embeddable":true,"href":"https:\/\/www.europesays.com\/pt\/wp-json\/wp\/v2\/tags?post=175700"}],"curies":[{"name":"wp","href":"https:\/\/api.w.org\/{rel}","templated":true}]}}