{"id":175711,"date":"2025-12-04T18:16:10","date_gmt":"2025-12-04T18:16:10","guid":{"rendered":"https:\/\/www.europesays.com\/pt\/175711\/"},"modified":"2025-12-04T18:16:10","modified_gmt":"2025-12-04T18:16:10","slug":"magnum-serie-da-marvel-escala-mais-um-mutante-do-universo-dos-x-men","status":"publish","type":"post","link":"https:\/\/www.europesays.com\/pt\/175711\/","title":{"rendered":"Magnum: S\u00e9rie da Marvel escala mais um mutante do universo dos X-Men"},"content":{"rendered":"<p>  <img width=\"76\" height=\"40\"   alt=\"Capa da Publica\u00e7\u00e3o\" class=\"article-cover__image\"\/><\/p>\n<p class=\"post__tagline\">Marvel adiciona mais um mutante ao MCU<\/p>\n<p>        04\/12\/2025      <\/p>\n<p>        &#8230;<\/p>\n<p>      Por<br \/>\n      <a href=\"https:\/\/twitter.com\/\" target=\"_blank\" rel=\"nofollow noopener\"><br \/>\n        Equipe Legi\u00e3o dos Her\u00f3is      <\/a><\/p>\n<p>A s\u00e9rie <strong>Magnum<\/strong> escalou mais um mutante para o Universo Cinematogr\u00e1fico da <strong>Marvel<\/strong>. De acordo com <a href=\"https:\/\/thedirect.com\/article\/marvel-studios-wonder-man-mutant-superhero\" target=\"_blank\" rel=\"noopener nofollow\">The Direct<\/a>, o comediante Byron Bowers interpretar\u00e1 DeMarr Davis, o her\u00f3i conhecido como Porteiro.<\/p>\n<p>Ainda n\u00e3o se sabe se o personagem j\u00e1 ter\u00e1 seus poderes na s\u00e9rie, mas a escala\u00e7\u00e3o refor\u00e7a a estrat\u00e9gia da Marvel de introduzir mutantes de forma gradual em seu universo. Personagens como a Ms. Marvel e Namor j\u00e1 foram confirmados como portadores do Gene X.<\/p>\n<p><img fetchpriority=\"high\" decoding=\"async\" aria-describedby=\"caption-attachment-878294\" class=\"wp-image-878294 size-full lazyload\" alt=\"\" width=\"800\" height=\"450\" \/><\/p>\n<p id=\"caption-attachment-878294\" class=\"wp-caption-text\">O ator e comediante Byron Bowers (O Pre\u00e7o do Talento) ser\u00e1 o mutante Porteiro<\/p>\n<p>Quem \u00e9 o Porteiro?<\/p>\n<p>Nos quadrinhos, DeMarr Davis \u00e9 um homem comum que se junta a uma equipe de super-her\u00f3is ap\u00f3s responder a um an\u00fancio de jornal. Com a habilidade de criar portais de teletransporte atrav\u00e9s de objetos s\u00f3lidos, ele se torna o Porteiro, um membro dos Vingadores Centrais, uma equipe c\u00f4mica de her\u00f3is aspirantes.<\/p>\n<p><img decoding=\"async\" class=\"alignnone size-full wp-image-878295 lazyload\" alt=\"\" width=\"800\" height=\"1000\" \/><\/p>\n<p>A presen\u00e7a de um personagem com um hist\u00f3rico t\u00e3o peculiar se encaixa no tom sat\u00edrico de Magnum, que promete tirar sarro da ind\u00fastria do entretenimento. A s\u00e9rie mostrar\u00e1 o ator Simon Williams (Magnum) tentando alavancar sua carreira em Hollywood, com a ajuda do infame ator Trevor Slattery (Homem de Ferro 3).<\/p>\n<p>Ainda n\u00e3o est\u00e1 claro como o Porteiro se encaixar\u00e1 na trama, mas \u00e9 poss\u00edvel que ele e Simon Williams tenham ganhado seus poderes no mesmo experimento, o que levanta a quest\u00e3o se o pr\u00f3prio Magnum tamb\u00e9m ser\u00e1 um mutante no MCU.<\/p>\n<p><img decoding=\"async\" class=\"alignnone size-full wp-image-878296 lazyload\" alt=\"\" width=\"800\" height=\"1000\" \/><\/p>\n<p>Magnum tem estreia prevista para <strong>26 de janeiro de 2026<\/strong> no Disney+.<\/p>\n<p>    <script async src=\"https:\/\/platform.twitter.com\/widgets.js\" charset=\"utf-8\"><\/script><\/p>\n","protected":false},"excerpt":{"rendered":"Marvel adiciona mais um mutante ao MCU 04\/12\/2025 &#8230; Por Equipe Legi\u00e3o dos Her\u00f3is A s\u00e9rie Magnum escalou&hellip;\n","protected":false},"author":2,"featured_media":175712,"comment_status":"","ping_status":"","sticky":false,"template":"","format":"standard","meta":{"footnotes":""},"categories":[140],"tags":[114,115,147,148,9334,146,32,33],"class_list":{"0":"post-175711","1":"post","2":"type-post","3":"status-publish","4":"format-standard","5":"has-post-thumbnail","7":"category-filmes","8":"tag-entertainment","9":"tag-entretenimento","10":"tag-film","11":"tag-filmes","12":"tag-johnny-depp","13":"tag-movies","14":"tag-portugal","15":"tag-pt"},"share_on_mastodon":{"url":"https:\/\/pubeurope.com\/@pt\/115662669955207845","error":""},"_links":{"self":[{"href":"https:\/\/www.europesays.com\/pt\/wp-json\/wp\/v2\/posts\/175711","targetHints":{"allow":["GET"]}}],"collection":[{"href":"https:\/\/www.europesays.com\/pt\/wp-json\/wp\/v2\/posts"}],"about":[{"href":"https:\/\/www.europesays.com\/pt\/wp-json\/wp\/v2\/types\/post"}],"author":[{"embeddable":true,"href":"https:\/\/www.europesays.com\/pt\/wp-json\/wp\/v2\/users\/2"}],"replies":[{"embeddable":true,"href":"https:\/\/www.europesays.com\/pt\/wp-json\/wp\/v2\/comments?post=175711"}],"version-history":[{"count":0,"href":"https:\/\/www.europesays.com\/pt\/wp-json\/wp\/v2\/posts\/175711\/revisions"}],"wp:featuredmedia":[{"embeddable":true,"href":"https:\/\/www.europesays.com\/pt\/wp-json\/wp\/v2\/media\/175712"}],"wp:attachment":[{"href":"https:\/\/www.europesays.com\/pt\/wp-json\/wp\/v2\/media?parent=175711"}],"wp:term":[{"taxonomy":"category","embeddable":true,"href":"https:\/\/www.europesays.com\/pt\/wp-json\/wp\/v2\/categories?post=175711"},{"taxonomy":"post_tag","embeddable":true,"href":"https:\/\/www.europesays.com\/pt\/wp-json\/wp\/v2\/tags?post=175711"}],"curies":[{"name":"wp","href":"https:\/\/api.w.org\/{rel}","templated":true}]}}