{"id":175715,"date":"2025-12-04T18:19:15","date_gmt":"2025-12-04T18:19:15","guid":{"rendered":"https:\/\/www.europesays.com\/pt\/175715\/"},"modified":"2025-12-04T18:19:15","modified_gmt":"2025-12-04T18:19:15","slug":"miley-cyrus-confirma-noivado-com-o-musico-maxx-morando-fiquei-muito-surpreendida-relacoes","status":"publish","type":"post","link":"https:\/\/www.europesays.com\/pt\/175715\/","title":{"rendered":"Miley Cyrus confirma noivado com o m\u00fasico Maxx Morando: \u201cFiquei muito surpreendida\u201d | Rela\u00e7\u00f5es"},"content":{"rendered":"<p><a href=\"https:\/\/www.publico.pt\/2024\/08\/13\/impar\/noticia\/orgulhosa-hannhah-montana-miley-cyrus-lenda-disney-2100672?ref=miley-cyrus&amp;cx=page__content\" rel=\"nofollow noopener\" target=\"_blank\">Miley Cyrus<\/a> est\u00e1 noiva de Maxx Morando, m\u00fasico com quem namora h\u00e1 quatro anos. Numa entrevista ao programa Good Morning America, nesta quarta-feira, a cantora revelou que o agora noivo se ajoelhou e a pediu em casamento durante uma viagem recente do casal \u00e0 \u00c1sia.<\/p>\n<p>No in\u00edcio da semana, os rumores do noivado espalharam-se pela Internet depois de Miley Cyrus ter usado um anel com um grande diamante no dedo anelar da m\u00e3o esquerda, durante a estreia do filme <a href=\"https:\/\/cinecartaz.publico.pt\/filme\/avatar-fogo-cinzas-414577\" rel=\"nofollow noopener\" target=\"_blank\">Avatar \u2013 Fogo e Cinzas<\/a> \u2014 \u200bcuja banda sonora inclui a can\u00e7\u00e3o Dream as one da artista \u2014 em Los Angeles.<\/p>\n<p>Dias depois, surgiu a confirma\u00e7\u00e3o: \u201cN\u00e3o sou f\u00e1cil de surpreender porque adoro controlar todas as situa\u00e7\u00f5es e tinha-me rendido completamente e, digo-lhe, fiquei muito, muito, muito surpreendida\u201d, contou Miley Cyrus ao <a href=\"https:\/\/www.youtube.com\/watch?v=VnAEg8FEoR8\" target=\"_blank\" rel=\"nofollow noopener\">programa da ABC<\/a>.<\/p>\n<p>        &#13;<br \/>\n            &#13;<\/p>\n<p>Maxx Morando \u00e9 baterista da banda Lilly que, inclusive, tocou na festa de passagem de ano de Miley Cyrus em 2022, juntamente com Dolly Parton e David Byrne. Em 2023, \u00e0 edi\u00e7\u00e3o brit\u00e2nica da revista <a href=\"https:\/\/www.vogue.co.uk\/article\/miley-cyrus-british-vogue-interview\" target=\"_blank\" rel=\"nofollow noopener\">Vogue<\/a>, a artista contou que conheceu o baterista depois de ter sido \u201ccolocada num encontro \u00e0s cegas\u201d, do qual saiu surpreendida.<\/p>\n<p>\u201cEu e o Max estamos juntos h\u00e1 quatro anos e \u00e9 muito \u00f3bvio o crescimento dr\u00e1stico que tive nesses quatro anos. Queremos ter algu\u00e9m ao nosso lado que nos diga sempre que somos capazes\u201d, concluiu a cantora e actriz, que se tornou conhecida por dar vida a Hannah Montana na Disney, sem revelar quando ser\u00e1 a festa de casamento.<\/p>\n<p>Este n\u00e3o \u00e9 o primeiro noivado de Miley Cyrus, que j\u00e1 tinha sido pedida em casamento em 2018 pelo actor australiano <a href=\"https:\/\/www.publico.pt\/2019\/08\/13\/culto\/noticia\/Liam-Hemsworth-deseja-saude-felicidade-Miley-Cyrus-1883211?ref=miley-cyrus&amp;cx=page__content\" rel=\"nofollow noopener\" target=\"_blank\">Liam Hemsworth<\/a>. Os dois <a href=\"https:\/\/www.publico.pt\/2019\/08\/13\/impar\/fotogaleria\/10-anos-miley-cyrus-liam-hemsworth-396596\" rel=\"nofollow noopener\" target=\"_blank\">namoraram durante dez anos<\/a>, mas divorciaram-se um ano depois de casar, em 2019. Ali\u00e1s, a ruptura inspirou a can\u00e7\u00e3o Flowers, que ganhou o Grammy para Grava\u00e7\u00e3o do Ano, em 2024.<\/p>\n","protected":false},"excerpt":{"rendered":"Miley Cyrus est\u00e1 noiva de Maxx Morando, m\u00fasico com quem namora h\u00e1 quatro anos. Numa entrevista ao programa&hellip;\n","protected":false},"author":2,"featured_media":175716,"comment_status":"","ping_status":"","sticky":false,"template":"","format":"standard","meta":{"footnotes":""},"categories":[85],"tags":[1435,211,114,115,708,1280,150,542,712,32,33,4156],"class_list":{"0":"post-175715","1":"post","2":"type-post","3":"status-publish","4":"format-standard","5":"has-post-thumbnail","7":"category-entretenimento","8":"tag-casamento","9":"tag-celebridades","10":"tag-entertainment","11":"tag-entretenimento","12":"tag-impar","13":"tag-miley-cyrus","14":"tag-musica","15":"tag-para-redes","16":"tag-pessoas","17":"tag-portugal","18":"tag-pt","19":"tag-relacoes"},"share_on_mastodon":{"url":"https:\/\/pubeurope.com\/@pt\/115662681760931791","error":""},"_links":{"self":[{"href":"https:\/\/www.europesays.com\/pt\/wp-json\/wp\/v2\/posts\/175715","targetHints":{"allow":["GET"]}}],"collection":[{"href":"https:\/\/www.europesays.com\/pt\/wp-json\/wp\/v2\/posts"}],"about":[{"href":"https:\/\/www.europesays.com\/pt\/wp-json\/wp\/v2\/types\/post"}],"author":[{"embeddable":true,"href":"https:\/\/www.europesays.com\/pt\/wp-json\/wp\/v2\/users\/2"}],"replies":[{"embeddable":true,"href":"https:\/\/www.europesays.com\/pt\/wp-json\/wp\/v2\/comments?post=175715"}],"version-history":[{"count":0,"href":"https:\/\/www.europesays.com\/pt\/wp-json\/wp\/v2\/posts\/175715\/revisions"}],"wp:featuredmedia":[{"embeddable":true,"href":"https:\/\/www.europesays.com\/pt\/wp-json\/wp\/v2\/media\/175716"}],"wp:attachment":[{"href":"https:\/\/www.europesays.com\/pt\/wp-json\/wp\/v2\/media?parent=175715"}],"wp:term":[{"taxonomy":"category","embeddable":true,"href":"https:\/\/www.europesays.com\/pt\/wp-json\/wp\/v2\/categories?post=175715"},{"taxonomy":"post_tag","embeddable":true,"href":"https:\/\/www.europesays.com\/pt\/wp-json\/wp\/v2\/tags?post=175715"}],"curies":[{"name":"wp","href":"https:\/\/api.w.org\/{rel}","templated":true}]}}