{"id":175717,"date":"2025-12-04T18:21:11","date_gmt":"2025-12-04T18:21:11","guid":{"rendered":"https:\/\/www.europesays.com\/pt\/175717\/"},"modified":"2025-12-04T18:21:11","modified_gmt":"2025-12-04T18:21:11","slug":"o-que-a-tesla-aprendeu-ao-desmontar-carros-eletricos-chineses","status":"publish","type":"post","link":"https:\/\/www.europesays.com\/pt\/175717\/","title":{"rendered":"O que a Tesla aprendeu ao desmontar carros el\u00e9tricos chineses"},"content":{"rendered":"<p>Presidente da Tesla durante quase tr\u00eas anos, John McNeill revelou, agora, que a empresa recolheu uma li\u00e7\u00e3o importante, ap\u00f3s desmontar ve\u00edculos el\u00e9tricos chineses, e aplicou-a nos modelos Model 3 e Model Y &#8211; dois best-sellers globais.<\/p>\n<p><a target=\"_blank\" href=\"https:\/\/pplware.sapo.pt\/wp-content\/uploads\/2025\/12\/tesla_model-y-e-3.jpg\" onclick=\"refreshIframe()\" class=\"foobox\" rel=\"nofollow noopener\"><img fetchpriority=\"high\" decoding=\"async\" src=\"https:\/\/www.europesays.com\/pt\/wp-content\/uploads\/2025\/12\/tesla_model-y-e-3-720x405.jpg\" alt=\"Tesla Model Y e 3\" width=\"720\" height=\"405\" class=\"aligncenter wp-image-1091650 size-medium\"  \/><\/a>\n<\/p>\n<p>As fabricantes t\u00eam o h\u00e1bito de <a target=\"_blank\" href=\"https:\/\/pplware.sapo.pt\/motores\/diretor-executivo-da-ford-foi-a-china-e-regressou-chocado-com-a-industria-automovel\/\" rel=\"nofollow noopener\">testar<\/a> e desmontar os carros de outras empresas, numa pr\u00e1tica comum que permite aprimorar a sua abordagem e aprender com o que de melhor (ou pior) se faz na ind\u00fastria.<\/p>\n<p>Ali\u00e1s, recentemente, <a target=\"_blank\" href=\"https:\/\/pplware.sapo.pt\/motores\/ford-muda-estrategia-depois-de-o-diretor-executivo-desmontar-carros-chineses-e-da-tesla\/\" rel=\"nofollow noopener\">inform\u00e1mos<\/a> que, depois de desmontar os carros el\u00e9tricos das suas concorrentes e ficar &#8220;muito impressionado&#8221;, o diretor-executivo da Ford decidiu reorganizar a estrat\u00e9gia da empresa norte-americana.<\/p>\n<p>Agora, de acordo com um ex-executivo da Tesla, a empresa desmontou ve\u00edculos el\u00e9tricos chineses e decidiu aplicar os ensinamentos no Model 3 e no Model Y. Estes s\u00e3o, hoje, best-sellers globais.<\/p>\n<p>Reutilizar pe\u00e7as em v\u00e1rios modelos reduz os custos, percebeu a Tesla<\/p>\n<p>Presidente da Tesla durante quase tr\u00eas anos, entre 2015 e 2018, John McNeill estava &#8220;\u00e0 mesa&#8221; quando empresa estava a desenvolver o Model 3 e o Model Y.<\/p>\n<p>Descrevendo a Tesla como &#8220;uma esponja de aprendizagem&#8221;, numa nova entrevista ao <a target=\"_blank\" href=\"https:\/\/www.businessinsider.com\/tesla-byd-jon-mcneill-chinese-ev-teardown-2025-11\" rel=\"nofollow noopener\">Business Insider<\/a>, partilhou a maior li\u00e7\u00e3o aprendida com os carros chineses: reutilizar o m\u00e1ximo poss\u00edvel de componentes em v\u00e1rios modelos.<\/p>\n<blockquote>\n<p>Os engenheiros chineses s\u00e3o muito disciplinados em reutilizar pe\u00e7as sob o cap\u00f4 que o cliente n\u00e3o pode ver, e economizam muito dinheiro dessa forma.<\/p>\n<\/blockquote>\n<p>Segundo o ex-executivo da Tesla, desenvolver pe\u00e7as comuns para v\u00e1rios modelos n\u00e3o \u00e9 novidade para as fabricantes ocidentais, mas as empresas chinesas levam isso a outro n\u00edvel.<\/p>\n<p><a target=\"_blank\" href=\"https:\/\/pplware.sapo.pt\/wp-content\/uploads\/2019\/10\/model_3_tesla_volante_01.jpg\" onclick=\"refreshIframe()\" class=\"foobox\" rel=\"nofollow noopener\"><img loading=\"lazy\" decoding=\"async\" src=\"https:\/\/www.europesays.com\/pt\/wp-content\/uploads\/2025\/12\/model_3_tesla_volante_01-720x405.jpg\" alt=\"\" width=\"720\" height=\"405\" class=\"aligncenter size-medium wp-image-626173\"  \/><\/a><\/p>\n<p>Conforme citado pelo <a target=\"_blank\" href=\"https:\/\/insideevs.com\/\" rel=\"nofollow noopener\">InsideEVs<\/a>, &#8220;se tu desmontares todos os BYD, ver\u00e1s que todos t\u00eam o mesmo motor de limpa-para-brisa, a mesma bomba de calor&#8221;. Na sua perspetiva, esta abordagem \u00e9 &#8220;super inteligente, porque um motor de limpa-para-brisa realmente n\u00e3o muda nem acrescenta nada \u00e0 experi\u00eancia&#8221;.<\/p>\n<p>De facto, Elon Musk j\u00e1 havia partilhado que o Model 3 e Y partilham cerca de 75% dos componentes, nomeadamente plataforma, motores, componentes interiores e outras pe\u00e7as, como ma\u00e7anetas ou bot\u00f5es.<\/p>\n<p>Os bancos dianteiros, por exemplo, s\u00e3o praticamente id\u00eanticos nos dois modelos, estando apenas mais altos no Model Y.<\/p>\n<p>Tesla conseguiu praticar pre\u00e7os competitivos, sem comprometer modelos<\/p>\n<p>Esta filosofia, que aparentemente aprendeu com as fabricantes chinesas, permitiu \u00e0 Tesla reduzir os custos de produ\u00e7\u00e3o e transferir a economia aos consumidores: os seus ve\u00edculos el\u00e9tricos compactos t\u00eam pre\u00e7os muito competitivos, tanto nos Estados Unidos como na Europa.<\/p>\n<p>Desta forma, o Model 3 foi desde logo um sucesso, em 2018, com cerca de 138.000 unidades vendidas nos Estados Unidos, no seu primeiro ano de vendas. Na altura, tornou-se o ve\u00edculo premium mais vendido do pa\u00eds.<\/p>\n<p>Na China, onde foi lan\u00e7ado um ano depois e fabricado localmente, em Xangai, na Gigafactory que fornece, tamb\u00e9m, o mercado europeu, tornou-se o carro el\u00e9trico mais vendido, em 2020, com quase 138.000 unidades vendidas.<\/p>\n<p>Atualmente, contudo, apesar dos bons n\u00fameros que j\u00e1 teve e embora McNeill admita que a empresa \u00e9 &#8220;absolutamente implac\u00e1vel&#8221; quando se trata de redu\u00e7\u00e3o de custos, esta abordagem per si parece n\u00e3o estar a ser suficiente para competir na China.<\/p>\n<p>\u00a0<\/p>\n<p><strong>Leia tamb\u00e9m:<\/strong><\/p>\n","protected":false},"excerpt":{"rendered":"Presidente da Tesla durante quase tr\u00eas anos, John McNeill revelou, agora, que a empresa recolheu uma li\u00e7\u00e3o importante,&hellip;\n","protected":false},"author":2,"featured_media":175718,"comment_status":"","ping_status":"","sticky":false,"template":"","format":"standard","meta":{"footnotes":""},"categories":[83],"tags":[88,36458,89,90,32,33,296],"class_list":{"0":"post-175717","1":"post","2":"type-post","3":"status-publish","4":"format-standard","5":"has-post-thumbnail","7":"category-empresas","8":"tag-business","9":"tag-carros-chineses","10":"tag-economy","11":"tag-empresas","12":"tag-portugal","13":"tag-pt","14":"tag-tesla"},"share_on_mastodon":{"url":"https:\/\/pubeurope.com\/@pt\/115662689937106310","error":""},"_links":{"self":[{"href":"https:\/\/www.europesays.com\/pt\/wp-json\/wp\/v2\/posts\/175717","targetHints":{"allow":["GET"]}}],"collection":[{"href":"https:\/\/www.europesays.com\/pt\/wp-json\/wp\/v2\/posts"}],"about":[{"href":"https:\/\/www.europesays.com\/pt\/wp-json\/wp\/v2\/types\/post"}],"author":[{"embeddable":true,"href":"https:\/\/www.europesays.com\/pt\/wp-json\/wp\/v2\/users\/2"}],"replies":[{"embeddable":true,"href":"https:\/\/www.europesays.com\/pt\/wp-json\/wp\/v2\/comments?post=175717"}],"version-history":[{"count":0,"href":"https:\/\/www.europesays.com\/pt\/wp-json\/wp\/v2\/posts\/175717\/revisions"}],"wp:featuredmedia":[{"embeddable":true,"href":"https:\/\/www.europesays.com\/pt\/wp-json\/wp\/v2\/media\/175718"}],"wp:attachment":[{"href":"https:\/\/www.europesays.com\/pt\/wp-json\/wp\/v2\/media?parent=175717"}],"wp:term":[{"taxonomy":"category","embeddable":true,"href":"https:\/\/www.europesays.com\/pt\/wp-json\/wp\/v2\/categories?post=175717"},{"taxonomy":"post_tag","embeddable":true,"href":"https:\/\/www.europesays.com\/pt\/wp-json\/wp\/v2\/tags?post=175717"}],"curies":[{"name":"wp","href":"https:\/\/api.w.org\/{rel}","templated":true}]}}