{"id":175723,"date":"2025-12-04T18:24:47","date_gmt":"2025-12-04T18:24:47","guid":{"rendered":"https:\/\/www.europesays.com\/pt\/175723\/"},"modified":"2025-12-04T18:24:47","modified_gmt":"2025-12-04T18:24:47","slug":"mae-de-dylan-quer-apresentar-queixa-contra-vera-saramaga-fui-ao-advogado","status":"publish","type":"post","link":"https:\/\/www.europesays.com\/pt\/175723\/","title":{"rendered":"M\u00e3e de Dylan quer apresentar queixa contra Vera &#8216;Saramaga&#8217;: &#8220;Fui ao advogado&#8221;"},"content":{"rendered":"<p>\t\t\t\t\t\t\t\t\t\t\t\t<a href=\"#\" onclick=\"window.open('http:\/\/www.facebook.com\/sharer.php?u=https:\/\/cusquices.com\/mae-de-dylan-quer-apresentar-queixa-contra-vera-saramaga-fui-ao-advogado\/&amp;t=M\u00e3e de Dylan quer apresentar queixa contra Vera \u2018Saramaga\u2019: \u201cFui ao advogado\u201d', 'facebookShare', 'width=626,height=436'); return false;\" title=\"Share on Facebook\"><\/p>\n<p>Share<\/p>\n<p><\/a><br \/>\n\t\t\t\t\t\t\t\t\t\t\t\t<a href=\"#\" onclick=\"window.open('http:\/\/twitter.com\/share?text=M\u00e3e de Dylan quer apresentar queixa contra Vera \u2018Saramaga\u2019: \u201cFui ao advogado\u201d -&amp;url=https:\/\/cusquices.com\/mae-de-dylan-quer-apresentar-queixa-contra-vera-saramaga-fui-ao-advogado\/', 'twitterShare', 'width=626,height=436'); return false;\" title=\"Tweet This Post\"><\/p>\n<p>Tweet<\/p>\n<p><\/a><br \/>\n\t\t\t\t\t\t\t\t\t\t\t\t<a href=\"whatsapp:\/\/send?text=M\u00e3e de Dylan quer apresentar queixa contra Vera \u2018Saramaga\u2019: \u201cFui ao advogado\u201d https:\/\/cusquices.com\/mae-de-dylan-quer-apresentar-queixa-contra-vera-saramaga-fui-ao-advogado\/\" rel=\"nofollow\"><\/p>\n<p>Share<\/p>\n<p><\/a><br \/>\n\t\t\t\t\t\t\t\t\t\t\t\t<a href=\"#\" onclick=\"window.open('http:\/\/pinterest.com\/pin\/create\/button\/?url=https:\/\/cusquices.com\/mae-de-dylan-quer-apresentar-queixa-contra-vera-saramaga-fui-ao-advogado\/&amp;media=https:\/\/cusquices.com\/wp-content\/uploads\/2025\/12\/vera-maedylan-1000x600.jpg&amp;description=M\u00e3e de Dylan quer apresentar queixa contra Vera \u2018Saramaga\u2019: \u201cFui ao advogado\u201d', 'pinterestShare', 'width=750,height=350'); return false;\" title=\"Pin This Post\"><\/p>\n<p>Share<\/p>\n<p><\/a><br \/>\n\t\t\t\t\t\t\t\t\t\t\t\t<a href=\"mailto:?subject=M\u00e3e de Dylan quer apresentar queixa contra Vera \u2018Saramaga\u2019: \u201cFui ao advogado\u201d&amp;BODY=I found this article interesting and thought of sharing it with you. Check it out: https:\/\/cusquices.com\/mae-de-dylan-quer-apresentar-queixa-contra-vera-saramaga-fui-ao-advogado\/\"><\/p>\n<p>Email<\/p>\n<p><\/a><br \/>\n\t\t\t\t\t\t\t\t\t\t\t\t\t\t\t\t\t\t\t\t\t\t\t\t\t\t\t\t\t\t\t\t\t\t\t\t\t\t\t\t\t\t\t\t\t\t\t\t\t\t\t\t\t<a href=\"https:\/\/cusquices.com\/mae-de-dylan-quer-apresentar-queixa-contra-vera-saramaga-fui-ao-advogado\/#respond\" rel=\"nofollow noopener\" target=\"_blank\"><\/p>\n<p><strong>Rosa Ara\u00fajo<\/strong>, m\u00e3e de <strong>Dylan Fonte,<\/strong> est\u00e1 profundamente revoltada com a produ\u00e7\u00e3o do <strong>Secret Story<\/strong> e n\u00e3o s\u00f3. A m\u00e3e do concorrente acusa o programa de humilhar o filho e de favorecer determinados concorrentes, mas a maior indigna\u00e7\u00e3o prende-se com as chapadas que Dylan recebeu de Vera no reality show.<\/p>\n<p>Em declara\u00e7\u00f5es \u00e0 <strong>TV7 Dias, Rosa Ara\u00fajo<\/strong> revelou ainda que pondera avan\u00e7ar com uma queixa contra a ex-concorrente e que j\u00e1 consultou um advogado para avaliar os pr\u00f3ximos passos.<\/p>\n<p>Ainda sem saber se o filho iria ser ou n\u00e3o expulso no passado domingo, Rosa, n\u00e3o escondeu a indigna\u00e7\u00e3o e recordou as chapadas que Dylan levou de Vera e que a produ\u00e7\u00e3o nem se dignou a contactar a fam\u00edlia: <strong>\u201cEle levou quatro chapadas e a fam\u00edlia foi merd*. Nem um telefonema, nada, zero. Eu cheguei a ligar \u00e0 mo\u00e7a para ele sair e ela disse que n\u00e3o podiam fazer nada.\u201d<\/strong><\/p>\n<p><strong>\u201cS\u00f3 d\u00e3o palco ao que lhes interessa. Ele apanha as chapadas e ainda d\u00e3o palco \u00e0 madame para ir l\u00e1 comentar. Isso \u00e9 que \u00e9 bonito. A\u00ed n\u00e3o h\u00e1 viol\u00eancia. Para j\u00e1 ele ainda n\u00e3o bateu em ningu\u00e9m, mas h\u00e1 quem j\u00e1 lhe tenha batido. J\u00e1 a\u00ed ele devia ter vindo embora. Foi o que eu mandei para a produ\u00e7\u00e3o. Mandem-no embora\u2019. Ele por mim n\u00e3o estava l\u00e1, foi contra a minha vontade.\u201d,<\/strong> acrescentou Rosa, indignada.<\/p>\n<p>A m\u00e3e de Dylan acabou por confessar que nunca concordou com a sua participa\u00e7\u00e3o no programa e que n\u00e3o concorda com este tipo de formato:<strong> \u201cFoi pela experi\u00eancia e eu disse-lhe que ia sofrer ele e \u00edamos sofrer n\u00f3s tamb\u00e9m. Para que \u00e9 que ele se foi meter nisto? Eu digo-lhe uma coisa, eu nunca vi estes programas, fui sempre contra. Isto \u00e9 humilhar as pessoas, \u00e9 um lavar de roupa suja, mais nada\u201d<\/strong>.<\/p>\n<p><strong>Rosa Ara\u00fajo <\/strong>confessou de seguida que pretende apresentar queixa contra Vera, mas que ainda n\u00e3o o conseguiu fazer, pois a queixa tem que ser feita por <strong>Dylan: \u201cEu queria fazer queixa da Vera, fui ao advogado, mas n\u00e3o posso fazer nada. Ele \u00e9 que tem que fazer. Pronto, ele \u00e9 que tem que fazer tudo. Eu n\u00e3o posso fazer nada. Estou aqui de m\u00e3os atadas\u201d.<\/strong><\/p>\n<p><strong>Leia tamb\u00e9m:<\/strong><\/p>\n<p>\t\t\t\t\t\t\t\t\t\t\t\t\t\t\t\t\t\t\t\t\t\t\t\t\t<img decoding=\"async\" src=\"https:\/\/www.europesays.com\/pt\/wp-content\/uploads\/2025\/10\/cusquices-logo-52x.png\" class=\"webpexpress-processed\"\/><\/p>\n<p>\t\t\t\t\t\t\t\t\t\t\t\t\t\t\t\t\t\t\t\t\t            \t\t\t\t\t\t\t\t\t\t\t\t\t\t\t\t\t\t\t\t\t\t\t\t\t\t\t\t\t\t\t\t\t\t\t\t\t\t\t<script async src=\"https:\/\/platform.twitter.com\/widgets.js\" charset=\"utf-8\"><\/script><\/p>\n","protected":false},"excerpt":{"rendered":"Share Tweet Share Share Email Rosa Ara\u00fajo, m\u00e3e de Dylan Fonte, est\u00e1 profundamente revoltada com a produ\u00e7\u00e3o do&hellip;\n","protected":false},"author":2,"featured_media":175724,"comment_status":"","ping_status":"","sticky":false,"template":"","format":"standard","meta":{"footnotes":""},"categories":[8],"tags":[27,28,2632,49,21040,15,16,14,25,26,21,22,12,13,19,20,32,23,24,33,17,18,29,30,31,24887],"class_list":{"0":"post-175723","1":"post","2":"type-post","3":"status-publish","4":"format-standard","5":"has-post-thumbnail","7":"category-principais-noticias","8":"tag-breaking-news","9":"tag-breakingnews","10":"tag-casa-dos-segredos","11":"tag-destaques","12":"tag-dylan-fonte","13":"tag-featured-news","14":"tag-featurednews","15":"tag-headlines","16":"tag-latest-news","17":"tag-latestnews","18":"tag-main-news","19":"tag-mainnews","20":"tag-news","21":"tag-noticias","22":"tag-noticias-principais","23":"tag-noticiasprincipais","24":"tag-portugal","25":"tag-principais-noticias","26":"tag-principaisnoticias","27":"tag-pt","28":"tag-top-stories","29":"tag-topstories","30":"tag-ultimas","31":"tag-ultimas-noticias","32":"tag-ultimasnoticias","33":"tag-vera-claudia"},"share_on_mastodon":{"url":"https:\/\/pubeurope.com\/@pt\/115662701750989523","error":""},"_links":{"self":[{"href":"https:\/\/www.europesays.com\/pt\/wp-json\/wp\/v2\/posts\/175723","targetHints":{"allow":["GET"]}}],"collection":[{"href":"https:\/\/www.europesays.com\/pt\/wp-json\/wp\/v2\/posts"}],"about":[{"href":"https:\/\/www.europesays.com\/pt\/wp-json\/wp\/v2\/types\/post"}],"author":[{"embeddable":true,"href":"https:\/\/www.europesays.com\/pt\/wp-json\/wp\/v2\/users\/2"}],"replies":[{"embeddable":true,"href":"https:\/\/www.europesays.com\/pt\/wp-json\/wp\/v2\/comments?post=175723"}],"version-history":[{"count":0,"href":"https:\/\/www.europesays.com\/pt\/wp-json\/wp\/v2\/posts\/175723\/revisions"}],"wp:featuredmedia":[{"embeddable":true,"href":"https:\/\/www.europesays.com\/pt\/wp-json\/wp\/v2\/media\/175724"}],"wp:attachment":[{"href":"https:\/\/www.europesays.com\/pt\/wp-json\/wp\/v2\/media?parent=175723"}],"wp:term":[{"taxonomy":"category","embeddable":true,"href":"https:\/\/www.europesays.com\/pt\/wp-json\/wp\/v2\/categories?post=175723"},{"taxonomy":"post_tag","embeddable":true,"href":"https:\/\/www.europesays.com\/pt\/wp-json\/wp\/v2\/tags?post=175723"}],"curies":[{"name":"wp","href":"https:\/\/api.w.org\/{rel}","templated":true}]}}