{"id":175727,"date":"2025-12-04T18:26:12","date_gmt":"2025-12-04T18:26:12","guid":{"rendered":"https:\/\/www.europesays.com\/pt\/175727\/"},"modified":"2025-12-04T18:26:12","modified_gmt":"2025-12-04T18:26:12","slug":"casa-da-cerca-apresenta-nova-pintura-mural-da-artista-tamara-alves","status":"publish","type":"post","link":"https:\/\/www.europesays.com\/pt\/175727\/","title":{"rendered":"Casa da Cerca apresenta nova pintura mural da artista Tamara Alves"},"content":{"rendered":"<p>A C\u00e2mara Municipal de Almada anunciou a conclus\u00e3o do novo mural que passa agora a integrar o percurso visual e art\u00edstico da Casa da Cerca. A autora, Tamara Alves, inspirou-se nos processos de desenho cient\u00edfico e nos registos naturais t\u00edpicos de um herb\u00e1rio, criando uma pe\u00e7a que mistura observa\u00e7\u00e3o, detalhe e uma forte liga\u00e7\u00e3o \u00e0 natureza.<\/p>\n<p>Segundo a autarquia, Herbarium procura \u201crefletir e homenagear o Jardim Bot\u00e2nico \u2013 O Ch\u00e3o das Artes\u201d, refor\u00e7ando a identidade do espa\u00e7o como ponto de encontro entre arte contempor\u00e2nea e patrim\u00f3nio natural. A interven\u00e7\u00e3o resulta de uma fus\u00e3o entre esbo\u00e7o, desenho e pintura mais realista, revelando diferentes etapas do processo art\u00edstico.<\/p>\n<p>A nova pintura mural est\u00e1 situada no muro exterior da Casa da Cerca, tornando-se acess\u00edvel a todos os que circulam naquela zona e refor\u00e7ando a presen\u00e7a da arte p\u00fablica no concelho. A obra passa agora a integrar o conjunto de elementos visuais que distinguem este centro cultural de refer\u00eancia em Almada.<\/p>\n","protected":false},"excerpt":{"rendered":"A C\u00e2mara Municipal de Almada anunciou a conclus\u00e3o do novo mural que passa agora a integrar o percurso&hellip;\n","protected":false},"author":2,"featured_media":175728,"comment_status":"","ping_status":"","sticky":false,"template":"","format":"standard","meta":{"footnotes":""},"categories":[144],"tags":[207,205,206,203,201,202,204,114,115,32,33],"class_list":{"0":"post-175727","1":"post","2":"type-post","3":"status-publish","4":"format-standard","5":"has-post-thumbnail","7":"category-arte-e-design","8":"tag-arte","9":"tag-arte-e-design","10":"tag-artedesign","11":"tag-arts","12":"tag-arts-and-design","13":"tag-artsanddesign","14":"tag-design","15":"tag-entertainment","16":"tag-entretenimento","17":"tag-portugal","18":"tag-pt"},"share_on_mastodon":{"url":"https:\/\/pubeurope.com\/@pt\/115662709255948605","error":""},"_links":{"self":[{"href":"https:\/\/www.europesays.com\/pt\/wp-json\/wp\/v2\/posts\/175727","targetHints":{"allow":["GET"]}}],"collection":[{"href":"https:\/\/www.europesays.com\/pt\/wp-json\/wp\/v2\/posts"}],"about":[{"href":"https:\/\/www.europesays.com\/pt\/wp-json\/wp\/v2\/types\/post"}],"author":[{"embeddable":true,"href":"https:\/\/www.europesays.com\/pt\/wp-json\/wp\/v2\/users\/2"}],"replies":[{"embeddable":true,"href":"https:\/\/www.europesays.com\/pt\/wp-json\/wp\/v2\/comments?post=175727"}],"version-history":[{"count":0,"href":"https:\/\/www.europesays.com\/pt\/wp-json\/wp\/v2\/posts\/175727\/revisions"}],"wp:featuredmedia":[{"embeddable":true,"href":"https:\/\/www.europesays.com\/pt\/wp-json\/wp\/v2\/media\/175728"}],"wp:attachment":[{"href":"https:\/\/www.europesays.com\/pt\/wp-json\/wp\/v2\/media?parent=175727"}],"wp:term":[{"taxonomy":"category","embeddable":true,"href":"https:\/\/www.europesays.com\/pt\/wp-json\/wp\/v2\/categories?post=175727"},{"taxonomy":"post_tag","embeddable":true,"href":"https:\/\/www.europesays.com\/pt\/wp-json\/wp\/v2\/tags?post=175727"}],"curies":[{"name":"wp","href":"https:\/\/api.w.org\/{rel}","templated":true}]}}