{"id":175729,"date":"2025-12-04T18:28:34","date_gmt":"2025-12-04T18:28:34","guid":{"rendered":"https:\/\/www.europesays.com\/pt\/175729\/"},"modified":"2025-12-04T18:28:34","modified_gmt":"2025-12-04T18:28:34","slug":"relacao-em-risco-liliana-fica-em-pranto-no-confessionario-secret-story","status":"publish","type":"post","link":"https:\/\/www.europesays.com\/pt\/175729\/","title":{"rendered":"Rela\u00e7\u00e3o em risco? Liliana fica em pranto no confession\u00e1rio &#8211; Secret Story"},"content":{"rendered":"<p>No alpendre, a Liliana mostra-se revoltada por estar nomeada e o F\u00e1bio acredita que a namorada n\u00e3o ser\u00e1 a concorrente expulsa. A Liliana condena os comportamentos do Pedro e o F\u00e1bio atira que foi ela a dar confian\u00e7a. A concorrente critica o F\u00e1bio por ter mudado de postura consigo e questiona se acha que est\u00e1 a ser um bom namorado. O F\u00e1bio garante que vai terminar com as brincadeiras e os dois acabam por n\u00e3o se entender. J\u00e1 sozinha no quarto, a Liliana chora e confessa \u00e0 Voz que tem sentido que o F\u00e1bio est\u00e1 a reprovar v\u00e1rias das suas atitudes.<\/p>\n","protected":false},"excerpt":{"rendered":"No alpendre, a Liliana mostra-se revoltada por estar nomeada e o F\u00e1bio acredita que a namorada n\u00e3o ser\u00e1&hellip;\n","protected":false},"author":2,"featured_media":175730,"comment_status":"","ping_status":"","sticky":false,"template":"","format":"standard","meta":{"footnotes":""},"categories":[142],"tags":[114,115,19033,19016,19034,32,33,151,19032],"class_list":{"0":"post-175729","1":"post","2":"type-post","3":"status-publish","4":"format-standard","5":"has-post-thumbnail","7":"category-tv","8":"tag-entertainment","9":"tag-entretenimento","10":"tag-galas-em-video","11":"tag-liliana","12":"tag-melhores-momentos-casa-dos-segredos","13":"tag-portugal","14":"tag-pt","15":"tag-tv","16":"tag-videos-secret-story-tvi"},"share_on_mastodon":{"url":"https:\/\/pubeurope.com\/@pt\/115662717195041377","error":""},"_links":{"self":[{"href":"https:\/\/www.europesays.com\/pt\/wp-json\/wp\/v2\/posts\/175729","targetHints":{"allow":["GET"]}}],"collection":[{"href":"https:\/\/www.europesays.com\/pt\/wp-json\/wp\/v2\/posts"}],"about":[{"href":"https:\/\/www.europesays.com\/pt\/wp-json\/wp\/v2\/types\/post"}],"author":[{"embeddable":true,"href":"https:\/\/www.europesays.com\/pt\/wp-json\/wp\/v2\/users\/2"}],"replies":[{"embeddable":true,"href":"https:\/\/www.europesays.com\/pt\/wp-json\/wp\/v2\/comments?post=175729"}],"version-history":[{"count":0,"href":"https:\/\/www.europesays.com\/pt\/wp-json\/wp\/v2\/posts\/175729\/revisions"}],"wp:featuredmedia":[{"embeddable":true,"href":"https:\/\/www.europesays.com\/pt\/wp-json\/wp\/v2\/media\/175730"}],"wp:attachment":[{"href":"https:\/\/www.europesays.com\/pt\/wp-json\/wp\/v2\/media?parent=175729"}],"wp:term":[{"taxonomy":"category","embeddable":true,"href":"https:\/\/www.europesays.com\/pt\/wp-json\/wp\/v2\/categories?post=175729"},{"taxonomy":"post_tag","embeddable":true,"href":"https:\/\/www.europesays.com\/pt\/wp-json\/wp\/v2\/tags?post=175729"}],"curies":[{"name":"wp","href":"https:\/\/api.w.org\/{rel}","templated":true}]}}