{"id":175746,"date":"2025-12-04T18:46:34","date_gmt":"2025-12-04T18:46:34","guid":{"rendered":"https:\/\/www.europesays.com\/pt\/175746\/"},"modified":"2025-12-04T18:46:34","modified_gmt":"2025-12-04T18:46:34","slug":"a-obra-prima-da-arquitetura-que-transformou-o-centro-de-jaragua-do-sul-em-1955-ainda-hipnotiza-quem-passa","status":"publish","type":"post","link":"https:\/\/www.europesays.com\/pt\/175746\/","title":{"rendered":"A obra-prima da arquitetura que transformou o Centro de Jaragu\u00e1 do Sul em 1955 ainda hipnotiza quem passa"},"content":{"rendered":"<p>Em <strong>2 de janeiro de 1943<\/strong>, Jaragu\u00e1 do Sul recebia <strong>H\u00e9lio Westphalen<\/strong>, gerente do Banco Nacional do Com\u00e9rcio (<strong>Banm\u00e9rcio<\/strong>), para preparar a abertura da ag\u00eancia local. A inaugura\u00e7\u00e3o oficial ocorreria <strong>dois dias depois<\/strong>, em pr\u00e9dio alugado na <strong>rua Marechal Floriano Peixoto<\/strong>. <\/p>\n<p>Jaragu\u00e1 vivia um momento de avan\u00e7o: com cerca de <strong>24 mil habitantes<\/strong>, destacava-se pela ind\u00fastria, agricultura, com\u00e9rcio e infraestrutura em expans\u00e3o. <\/p>\n<p>O Banm\u00e9rcio, <strong>fundado em 1895<\/strong> e <strong>reconhecido como um dos maiores e mais s\u00f3lidos bancos do sul do pa\u00eds<\/strong>, com dezenas de filiais em opera\u00e7\u00e3o e reputa\u00e7\u00e3o constru\u00edda sobre confiabilidade e bons servi\u00e7os, enxergava em Jaragu\u00e1 um ponto estrat\u00e9gico para sua expans\u00e3o \u2013 e escolheu a cidade com olhos de futuro.<\/p>\n<p>Uma proposta audaciosa em 1935<\/p>\n<p>O primeiro contato formal com a institui\u00e7\u00e3o ocorreu em <strong>1935<\/strong>, quando Bernardo Grubba convidou diretores do Banm\u00e9rcio a visitarem Jaragu\u00e1 do Sul com o objetivo de conhecer o potencial econ\u00f4mico da cidade. <\/p>\n<p>Comerciante, Bernardo era pai de <a href=\"https:\/\/memoriapolitica.alesc.sc.gov.br\/biografia\/909-Waldemar_Grubba\" rel=\"nofollow noopener\" target=\"_blank\">Waldemar Grubba<\/a>, primeiro prefeito ap\u00f3s a emancipa\u00e7\u00e3o de Jaragu\u00e1 do Sul e que ocupou o cargo por mais duas vezes.<\/p>\n<p>O convite foi aceito, mas a instala\u00e7\u00e3o da ag\u00eancia s\u00f3 se concretizou anos depois, durante o governo de <strong>Le\u00f4nidas Cabral Herbster<\/strong>.<\/p>\n<p><strong>No cora\u00e7\u00e3o da cidade, um terreno estrat\u00e9gico<\/strong><\/p>\n<p>Com a ag\u00eancia em pleno funcionamento e ganhos expressivos, o pr\u00f3ximo passo foi consolidar a presen\u00e7a do banco em Jaragu\u00e1. Em <strong>1947<\/strong>, o Banm\u00e9rcio adquiriu um terreno privilegiado, pertencente aos herdeiros de <strong>Jo\u00e3o Doubrawa<\/strong>, que havia sido intendente do ent\u00e3o distrito de Joinville em <strong>1926<\/strong>. <\/p>\n<p>O lote ficava em uma das <strong>esquinas mais nobres e simb\u00f3licas da cidade<\/strong>, na conflu\u00eancia das ruas <strong>Marechal Deodoro<\/strong>, <strong>Marechal Floriano<\/strong>,<strong> Cel. Proc\u00f3pio Gomes de Oliveira<\/strong> e <strong>Get\u00falio Vargas<\/strong>.<\/p>\n<p><img fetchpriority=\"high\" decoding=\"async\" width=\"2560\" height=\"1612\" src=\"https:\/\/www.europesays.com\/pt\/wp-content\/uploads\/2025\/12\/Avenida-Getulio-Vargas-scaled.png\" alt=\"hist\u00f3ria da chegada e inaugura\u00e7\u00e3o do Banm\u00e9rcio em Jaragu\u00e1 do Sul e seu impacto urbano\" class=\"wp-image-252578\"  \/>Avenida Get\u00falio Vargas d\u00e9cada de 50 \u2013 Foto: reprodu\u00e7\u00e3o Arquivo\/edi\u00e7\u00e3o IA<\/p>\n<p><strong>Do papel \u00e0 realidade: nasce um gigante de concreto<\/strong><\/p>\n<p>Em <strong>abril de 1952<\/strong>, a constru\u00e7\u00e3o do novo edif\u00edcio foi oficialmente anunciada. O projeto, elaborado na sede do banco em <strong>Porto Alegre<\/strong>, previa uma obra moderna, robusta e funcional, compat\u00edvel com a grandeza da institui\u00e7\u00e3o. A execu\u00e7\u00e3o ficou sob responsabilidade da <strong>Construtora Meinecke Ltda.<\/strong>, de <strong>Blumenau<\/strong>. <\/p>\n<p>As obras iniciaram no ano seguinte e rapidamente alteraram a paisagem urbana de Jaragu\u00e1 do Sul, que via surgir em seu centro um pr\u00e9dio \u00e0 altura dos grandes conglomerados financeiros do pa\u00eds.<\/p>\n<p>O edif\u00edcio come\u00e7ou a se destacar mesmo antes de ser finalizado. Sua estrutura contava com <strong>colunas imponentes<\/strong>, <strong>vitr\u00f4s art\u00edsticos com desenhos geom\u00e9tricos<\/strong>, <strong>tr\u00eas acessos distintos<\/strong> e ambientes amplos para opera\u00e7\u00f5es banc\u00e1rias, salas administrativas e seguran\u00e7a refor\u00e7ada. O pr\u00e9dio simbolizava o <strong>padr\u00e3o de excel\u00eancia do Banm\u00e9rcio<\/strong> \u2014 um banco cuja solidez o tornava refer\u00eancia em cr\u00e9dito, investimentos e confian\u00e7a institucional em toda a regi\u00e3o sul.<\/p>\n<p><strong>Inaugura\u00e7\u00e3o: grandiosidade que encantou Jaragu\u00e1 do Sul<\/strong><\/p>\n<p>A cerim\u00f4nia de inaugura\u00e7\u00e3o da sede pr\u00f3pria do Banm\u00e9rcio, realizada em <strong>18 de janeiro de 1955<\/strong>, foi um dos momentos mais marcantes da hist\u00f3ria recente de Jaragu\u00e1 do Sul. A cidade, ent\u00e3o com pouco mais de <strong>27 mil habitantes<\/strong>, parou para presenciar o nascimento oficial de um edif\u00edcio que materializava o progresso. <\/p>\n<p>O evento contou com a presen\u00e7a de uma multid\u00e3o e de figuras importantes, como o diretor <strong>Hermano Franco Machado<\/strong>, da matriz em Porto Alegre, e o consultor jur\u00eddico <strong>Dr. Manel Machado<\/strong>, vindo de Curitiba.<\/p>\n<p>Diante da fachada imponente rec\u00e9m finalizada, Hermano destacou em discurso a relev\u00e2ncia do banco e os <strong>v\u00ednculos hist\u00f3ricos<\/strong> entre Santa Catarina e o Rio Grande do Sul.<\/p>\n<p>Na sequ\u00eancia, o <strong>prefeito Artur M\u00fcller<\/strong> foi convidado a abrir simbolicamente a porta da caixa-forte, gesto que selou a entrega do edif\u00edcio \u00e0 comunidade. Em nome do munic\u00edpio, exaltou o papel decisivo do Banm\u00e9rcio no desenvolvimento regional e nacional. O encerramento das falas coube ao <strong>Dr. Arquimedes Dantas<\/strong>, que representando as classes conservadoras, enalteceu a contribui\u00e7\u00e3o do banco ao com\u00e9rcio, \u00e0 ind\u00fastria e \u00e0 popula\u00e7\u00e3o jaraguaense.<\/p>\n<p>O dia hist\u00f3rico teve desfecho \u00e0 altura: os convidados seguiram para a sede do <strong>Baependi<\/strong>, onde foram recepcionados com <strong>ta\u00e7as de champanhe e uma churrascada festiva<\/strong>, selando em clima de celebra\u00e7\u00e3o a chegada definitiva do Banm\u00e9rcio ao cora\u00e7\u00e3o da cidade.<\/p>\n<p><img loading=\"lazy\" decoding=\"async\" width=\"512\" height=\"512\" src=\"https:\/\/www.europesays.com\/pt\/wp-content\/uploads\/2025\/12\/Helio-Westphalen.jpg\" alt=\"\" class=\"wp-image-253278\"\/>H\u00e9lio Westphalen, primeiro gerente Foto: Reprodu\u00e7\u00e3o arquivo\/edi\u00e7\u00e3o IA<\/p>\n<p><strong>Uma fachada que ainda hoje imp\u00f5e respeito<\/strong><\/p>\n<p>A nova sede n\u00e3o era apenas uma obra f\u00edsica: representava a <strong>afirma\u00e7\u00e3o de Jaragu\u00e1 do Sul como cidade s\u00f3lida, confi\u00e1vel e promissora<\/strong>. Sob a ger\u00eancia de <strong>Adolpho Werneck Filho<\/strong>, a ag\u00eancia viveu um per\u00edodo de alta performance, com <strong>movimenta\u00e7\u00e3o financeira que colocava Jaragu\u00e1 em posi\u00e7\u00e3o de destaque no sul do Brasil<\/strong>. <\/p>\n<p>A fachada, praticamente inalterada desde ent\u00e3o, ainda hoje impressiona quem passa pelo centro da cidade, seja pela <strong>simetria elegante<\/strong>, seja pela <strong>for\u00e7a simb\u00f3lica que carrega<\/strong>.<\/p>\n<p><img loading=\"lazy\" decoding=\"async\" width=\"1198\" height=\"736\" data-id=\"253787\" src=\"https:\/\/www.europesays.com\/pt\/wp-content\/uploads\/2025\/12\/banco-antigo-jaragua-2.jpg\" alt=\"\" class=\"wp-image-253787\"  \/>Foto: Reprodu\u00e7\u00e3o\/Google Street View<\/p>\n<p><img loading=\"lazy\" decoding=\"async\" width=\"1176\" height=\"707\" data-id=\"253786\" src=\"https:\/\/www.europesays.com\/pt\/wp-content\/uploads\/2025\/12\/banco-antigo-jaragua.jpg\" alt=\"\" class=\"wp-image-253786\"  \/>Foto: Reprodu\u00e7\u00e3o\/Google Street View<\/p>\n<p>O que aconteceu com o Banm\u00e9rcio?<\/p>\n<p>Em 1972, o <strong>Banco Nacional do Com\u00e9rcio<\/strong>, fundado em 1895, deixou de existir ap\u00f3s ser incorporado ao rec\u00e9m-formado <strong>Banco Sulbrasileiro<\/strong>, resultado de uma fus\u00e3o entre tr\u00eas institui\u00e7\u00f5es ga\u00fachas. <\/p>\n<p>Ap\u00f3s a interven\u00e7\u00e3o federal de 1985, o Sulbrasileiro deu origem ao <strong>Banco Meridional do Brasil<\/strong>, que anos depois, em 1997, foi privatizado e adquirido pelo <strong>Banco Santander<\/strong> (que inclusive ocupou o pr\u00e9dio em Jaragu\u00e1 do Sul), tornando-se o sucessor final dessa longa trajet\u00f3ria iniciada no final do s\u00e9culo XIX.<\/p>\n<p>Outro fator importante: o edif\u00edcio \u00e9 erroneamente citado em muitas fontes como sido constru\u00eddo pelo <a href=\"https:\/\/www.jdv.com.br\/a-proposito-28-05-2019\/\" rel=\"nofollow noopener\" target=\"_blank\">banco Inco<\/a>, outra importante institui\u00e7\u00e3o, de origem catarinense, que operou na cidade. Mas as casas banc\u00e1rias nunca tiveram liga\u00e7\u00e3o.<\/p>\n<p><img loading=\"lazy\" decoding=\"async\" width=\"1200\" height=\"951\" src=\"https:\/\/www.europesays.com\/pt\/wp-content\/uploads\/2025\/12\/carta-timbrada-BNC.jpg\" alt=\"\" class=\"wp-image-252597\"  \/>Correspond\u00eancia interbanc\u00e1ria com carimbo de Jaragu\u00e1 do Sul Foto: ocolecionistaleiloes.com.br<\/p>\n<p><strong>Como isso impacta sua vida?<\/strong><\/p>\n<p>O pr\u00e9dio do antigo Banm\u00e9rcio representa um <strong>momento-chave da hist\u00f3ria de Jaragu\u00e1 do Sul<\/strong>: quando a cidade atraiu <strong>investimentos de peso<\/strong>, fortaleceu sua economia e <strong>consolidou sua identidade urbana<\/strong>. Admirar essa constru\u00e7\u00e3o \u00e9 reconhecer que o <strong>progresso se escreve com decis\u00f5es estrat\u00e9gicas, lideran\u00e7as vision\u00e1rias e marcos que resistem ao tempo<\/strong>, em concreto e mem\u00f3ria.<\/p>\n<p>          <img decoding=\"async\" class=\"cta-logo\" src=\"https:\/\/www.europesays.com\/pt\/wp-content\/uploads\/2025\/10\/logomarca-jdv-2025.webp.webp\" alt=\"JDV - Not\u00edcias de Jaragu\u00e1 do Sul e regi\u00e3o\"\/><\/p>\n<p>\n              Not\u00edcias de Jaragu\u00e1 no seu WhatsApp<br \/>\n                    Fique por dentro de tudo o que acontece na cidade e regi\u00e3o.\n          <\/p>\n<p>    <a class=\"cta-btn\" href=\"https:\/\/chat.whatsapp.com\/GbmX7mdJoy08wT73kW9LuE\" target=\"_blank\" rel=\"noopener nofollow\" title=\"WhatsApp\"><\/p>\n<p>    <\/a><\/p>\n","protected":false},"excerpt":{"rendered":"Em 2 de janeiro de 1943, Jaragu\u00e1 do Sul recebia H\u00e9lio Westphalen, gerente do Banco Nacional do Com\u00e9rcio&hellip;\n","protected":false},"author":2,"featured_media":175747,"comment_status":"","ping_status":"","sticky":false,"template":"","format":"standard","meta":{"footnotes":""},"categories":[144],"tags":[207,205,206,203,201,202,204,114,115,32,33],"class_list":{"0":"post-175746","1":"post","2":"type-post","3":"status-publish","4":"format-standard","5":"has-post-thumbnail","7":"category-arte-e-design","8":"tag-arte","9":"tag-arte-e-design","10":"tag-artedesign","11":"tag-arts","12":"tag-arts-and-design","13":"tag-artsanddesign","14":"tag-design","15":"tag-entertainment","16":"tag-entretenimento","17":"tag-portugal","18":"tag-pt"},"share_on_mastodon":{"url":"https:\/\/pubeurope.com\/@pt\/115662788603763592","error":""},"_links":{"self":[{"href":"https:\/\/www.europesays.com\/pt\/wp-json\/wp\/v2\/posts\/175746","targetHints":{"allow":["GET"]}}],"collection":[{"href":"https:\/\/www.europesays.com\/pt\/wp-json\/wp\/v2\/posts"}],"about":[{"href":"https:\/\/www.europesays.com\/pt\/wp-json\/wp\/v2\/types\/post"}],"author":[{"embeddable":true,"href":"https:\/\/www.europesays.com\/pt\/wp-json\/wp\/v2\/users\/2"}],"replies":[{"embeddable":true,"href":"https:\/\/www.europesays.com\/pt\/wp-json\/wp\/v2\/comments?post=175746"}],"version-history":[{"count":0,"href":"https:\/\/www.europesays.com\/pt\/wp-json\/wp\/v2\/posts\/175746\/revisions"}],"wp:featuredmedia":[{"embeddable":true,"href":"https:\/\/www.europesays.com\/pt\/wp-json\/wp\/v2\/media\/175747"}],"wp:attachment":[{"href":"https:\/\/www.europesays.com\/pt\/wp-json\/wp\/v2\/media?parent=175746"}],"wp:term":[{"taxonomy":"category","embeddable":true,"href":"https:\/\/www.europesays.com\/pt\/wp-json\/wp\/v2\/categories?post=175746"},{"taxonomy":"post_tag","embeddable":true,"href":"https:\/\/www.europesays.com\/pt\/wp-json\/wp\/v2\/tags?post=175746"}],"curies":[{"name":"wp","href":"https:\/\/api.w.org\/{rel}","templated":true}]}}