{"id":175760,"date":"2025-12-04T18:58:12","date_gmt":"2025-12-04T18:58:12","guid":{"rendered":"https:\/\/www.europesays.com\/pt\/175760\/"},"modified":"2025-12-04T18:58:12","modified_gmt":"2025-12-04T18:58:12","slug":"mais-de-10-jornalistas-na-lista-dos-declarantes-no-processo-acusacao-diz-que-russos-pretendiam-financiar-a-unita-nas-eleicoes-de-2027","status":"publish","type":"post","link":"https:\/\/www.europesays.com\/pt\/175760\/","title":{"rendered":"Mais de 10 jornalistas na lista dos declarantes no processo \u2013 Acusa\u00e7\u00e3o diz que russos pretendiam financiar a UNITA nas elei\u00e7\u00f5es de 2027"},"content":{"rendered":"<p>Fernando Calueto<\/p>\n<p>4 de Dezembro\u00a02025 \u00e0s 11:04<\/p>\n<p>Estes jornalistas ter\u00e3o sido contactados pelo arguido Amor Carlos Tom\u00e9, da Televis\u00e3o P\u00fablica de Angola (TPA), arguido no processo, que a acusa\u00e7\u00e3o diz ser membro assalariado da organiza\u00e7\u00e3o criminosa, para a difus\u00e3o de not\u00edcias falsas e de propaganda.<\/p>\n<p>Os jornalistas s\u00e3o na sua maioria de sites de not\u00edcias, mas tamb\u00e9m de jornais impressos e da r\u00e1dio, todos \u00f3rg\u00e3os de comunica\u00e7\u00e3o privados.<\/p>\n<p>Segundo a acusa\u00e7\u00e3o, o arguido Amor Carlos Tom\u00e9 ter\u00e1 recrutado estes jornalistas para difundirem em massa, nos jornais impressos e nos digitais, assim como em r\u00e1dios privadas, p\u00e1ginas do Facebook, ou grupos de WhatsApp, falsas informa\u00e7\u00f5es, que, segundo a acusa\u00e7\u00e3o, serviriam para a criar no Pa\u00eds um sentimento generalizado de inseguran\u00e7a e repulsa pela actual governa\u00e7\u00e3o.<\/p>\n<p>Amor Carlos Tom\u00e9, da TPA, \u00e9 o \u00fanico jornalista na condi\u00e7\u00e3o de arguido no processo, e, segundo fontes de Novo Jornal, alguns directores e editores-chefes de v\u00e1rios \u00f3rg\u00e3os de comunica\u00e7\u00e3o social privados foram ouvidos na fase de instru\u00e7\u00e3o preparat\u00f3ria deste processo, ap\u00f3s terem sido, igualmente, contactados pelos cidad\u00e3os russos, por interm\u00e9dio do jornalista Carlos Tom\u00e9.<\/p>\n<p>Conforme a acusa\u00e7\u00e3o, foi o ent\u00e3o jornalista da TPA que ter\u00e1 fornecido contactos de figuras do MPLA, contra a actual lideran\u00e7a, promovendo reuni\u00f5es com os arguidos russos.<\/p>\n<p>Entre estas figuras s\u00e3o citados tamb\u00e9m os nomes de Higino Carneiro, Ant\u00f3nio Ven\u00e2ncio, e de Juli\u00e3o Mateus Paulo &#8220;Dino Matrosse&#8221;, antigo secret\u00e1rio-geral do partido.<\/p>\n<p>Segundo a acusa\u00e7\u00e3o, os arguidos russos tamb\u00e9m pretendia financiar a UNITA nas elei\u00e7\u00f5es de 2027.<\/p>\n<p>&#8220;Num dos encontros realizados foi alegadamente discutida a parceria para as elei\u00e7\u00f5es de 2027, tendo sido apresentadas depois &#8220;propostas j\u00e1 discutidas com o presidente do partido, Adalberto Costa J\u00fanior,&#8221; para assist\u00eancia financeira, seguran\u00e7a, forma\u00e7\u00e3o de quadros do partido no exterior e aux\u00edlio na obten\u00e7\u00e3o de informa\u00e7\u00f5es&#8221;, diz a acusa\u00e7\u00e3o.<\/p>\n","protected":false},"excerpt":{"rendered":"Fernando Calueto 4 de Dezembro\u00a02025 \u00e0s 11:04 Estes jornalistas ter\u00e3o sido contactados pelo arguido Amor Carlos Tom\u00e9, da&hellip;\n","protected":false},"author":2,"featured_media":175761,"comment_status":"","ping_status":"","sticky":false,"template":"","format":"standard","meta":{"footnotes":""},"categories":[50],"tags":[2992,2713,836,1063,1753,3003,2995,27,28,470,1195,315,135,3005,476,2993,2258,1169,15,16,2085,524,3002,3000,643,14,2998,2086,1856,82,2513,1428,25,26,2996,2994,2997,21,22,606,3001,62,150,619,12,718,2990,13,19,20,2991,2989,835,602,52,32,23,24,2999,548,679,58,2387,218,605,17,18,151,29,30,31,578,63,64,65,3004],"class_list":{"0":"post-175760","1":"post","2":"type-post","3":"status-publish","4":"format-standard","5":"has-post-thumbnail","7":"category-mundo","8":"tag-actualidade","9":"tag-africa","10":"tag-analise","11":"tag-angola","12":"tag-artes","13":"tag-assinatura","14":"tag-benguela","15":"tag-breaking-news","16":"tag-breakingnews","17":"tag-cinema","18":"tag-concerto","19":"tag-cultura","20":"tag-desporto","21":"tag-download","22":"tag-economia","23":"tag-editorial","24":"tag-eleicoes","25":"tag-facebook","26":"tag-featured-news","27":"tag-featurednews","28":"tag-fotografia","29":"tag-futebol","30":"tag-galeria","31":"tag-girabola","32":"tag-google","33":"tag-headlines","34":"tag-huambo","35":"tag-imagem","36":"tag-informacao","37":"tag-internacional","38":"tag-jornal","39":"tag-jornalismo","40":"tag-latest-news","41":"tag-latestnews","42":"tag-lobito","43":"tag-luanda","44":"tag-lubango","45":"tag-main-news","46":"tag-mainnews","47":"tag-meteorologia","48":"tag-multimedia","49":"tag-mundo","50":"tag-musica","51":"tag-nacional","52":"tag-news","53":"tag-newsletter","54":"tag-nj","55":"tag-noticias","56":"tag-noticias-principais","57":"tag-noticiasprincipais","58":"tag-nova-vaga","59":"tag-novo-jornal","60":"tag-opiniao","61":"tag-pais","62":"tag-politica","63":"tag-portugal","64":"tag-principais-noticias","65":"tag-principaisnoticias","66":"tag-provincias","67":"tag-redes-sociais","68":"tag-reportagem","69":"tag-sociedade","70":"tag-teatro","71":"tag-televisao","72":"tag-tempo","73":"tag-top-stories","74":"tag-topstories","75":"tag-tv","76":"tag-ultimas","77":"tag-ultimas-noticias","78":"tag-ultimasnoticias","79":"tag-video","80":"tag-world","81":"tag-world-news","82":"tag-worldnews","83":"tag-youtube"},"share_on_mastodon":{"url":"","error":"Validation failed: Text character limit of 500 exceeded"},"_links":{"self":[{"href":"https:\/\/www.europesays.com\/pt\/wp-json\/wp\/v2\/posts\/175760","targetHints":{"allow":["GET"]}}],"collection":[{"href":"https:\/\/www.europesays.com\/pt\/wp-json\/wp\/v2\/posts"}],"about":[{"href":"https:\/\/www.europesays.com\/pt\/wp-json\/wp\/v2\/types\/post"}],"author":[{"embeddable":true,"href":"https:\/\/www.europesays.com\/pt\/wp-json\/wp\/v2\/users\/2"}],"replies":[{"embeddable":true,"href":"https:\/\/www.europesays.com\/pt\/wp-json\/wp\/v2\/comments?post=175760"}],"version-history":[{"count":0,"href":"https:\/\/www.europesays.com\/pt\/wp-json\/wp\/v2\/posts\/175760\/revisions"}],"wp:featuredmedia":[{"embeddable":true,"href":"https:\/\/www.europesays.com\/pt\/wp-json\/wp\/v2\/media\/175761"}],"wp:attachment":[{"href":"https:\/\/www.europesays.com\/pt\/wp-json\/wp\/v2\/media?parent=175760"}],"wp:term":[{"taxonomy":"category","embeddable":true,"href":"https:\/\/www.europesays.com\/pt\/wp-json\/wp\/v2\/categories?post=175760"},{"taxonomy":"post_tag","embeddable":true,"href":"https:\/\/www.europesays.com\/pt\/wp-json\/wp\/v2\/tags?post=175760"}],"curies":[{"name":"wp","href":"https:\/\/api.w.org\/{rel}","templated":true}]}}