{"id":175762,"date":"2025-12-04T18:59:10","date_gmt":"2025-12-04T18:59:10","guid":{"rendered":"https:\/\/www.europesays.com\/pt\/175762\/"},"modified":"2025-12-04T18:59:10","modified_gmt":"2025-12-04T18:59:10","slug":"portugal-escolhe-as-fragatas-italianas-para-reforcar-a-marinha","status":"publish","type":"post","link":"https:\/\/www.europesays.com\/pt\/175762\/","title":{"rendered":"Portugal escolhe as fragatas italianas para refor\u00e7ar a Marinha"},"content":{"rendered":"<p>\t                Neg\u00f3cio dever\u00e1 rondar os tr\u00eas mil milh\u00f5es de euros. Fran\u00e7a tamb\u00e9m estava na corrida<\/p>\n<p style=\"margin-bottom:11px\">Portugal escolheu as fragatas italianas FREMM EVO para refor\u00e7ar a Marinha, apurou a CNN Portugal.<\/p>\n<p>Ao todo ser\u00e3o tr\u00eas fragatas, num neg\u00f3cio que ronda os tr\u00eas mil milh\u00f5es de euros. As FREMM (Fragata Europeia Multi-Miss\u00e3o) EVO v\u00e3o ser fabricadas pela italiana Fincantieri, um dos maiores estaleiros a n\u00edvel mundial, e s\u00e3o consideradas das melhores do mundo na sua classe.<\/p>\n<p>A CNN Portugal sabe que era inten\u00e7\u00e3o da Marinha Portuguesa optar pelas fragatas italianas em detrimento das francesas, constru\u00eddas pelo Naval Group.<\/p>\n<p>Este investimento ocorre no \u00e2mbito do programa SAFE (Security Action for Europe), um programa da Comiss\u00e3o Europeia que ir\u00e1 distribuir 150 mil milh\u00f5es de euros em empr\u00e9stimos com condi\u00e7\u00f5es competitivas aos seus Estados-membros. Para al\u00e9m das fragatas, Portugal vai aproveitar as verbas para produzir<a href=\"http:\/\/Portugal escolheu as fragatas italianas FREMM EVO para refor\u00e7ar a sua Marinha, apurou a CNN Portugal. Ao todo ser\u00e3o tr\u00eas fragatas, num neg\u00f3cio que ronda os tr\u00eas mil milh\u00f5es de euros. As FREMM (Fragata Europeia Multi-Miss\u00e3o) EVO v\u00e3o ser fabricadas pela italiana Fincantieri, um dos maiores estaleiros a n\u00edvel mundial, e s\u00e3o consideradas das melhores do mundo na sua classe. A CNN Portugal sabe que era a inten\u00e7\u00e3o da Marinha Portuguesa optar pelas fragatas italianas em detrimento das francesas, constru\u00eddas pelo Naval Group. Este investimento ocorre no \u00e2mbito do programa SAFE (Security Action for Europe), um programa da Comiss\u00e3o Europeia que ir\u00e1 distribuir 150 mil milh\u00f5es de euros em empr\u00e9stimos com condi\u00e7\u00f5es competitivas aos seus Estados-membros. Para al\u00e9m das fragatas, Portugal vai aproveitar as verbas para produzir ve\u00edculos blindados e comprar sat\u00e9lites e sistemas de defesa anti-a\u00e9rea. Portugal tem atualmente cinco fragatas \u2013 os NRP Vasco da Gama, \u00c1lvares Cabral, Corte Real, Bartolomeu Dias e D. Francisco de Almeida \u2013 constru\u00eddas h\u00e1 mais de trinta anos e que precisam de ser substitu\u00eddas nos pr\u00f3ximos anos. Atualmente, apenas It\u00e1lia e Egito t\u00eam estas fragatas ao servi\u00e7o, enquanto a Gr\u00e9cia vai ter quatro ao seu dispor a partir de 2029.\" target=\"_blank\" rel=\"nofollow\"> ve\u00edculos blindados e comprar sat\u00e9lites e sistemas de defesa anti-a\u00e9rea.<\/a><\/p>\n<p>Portugal tem atualmente cinco fragatas \u2013 os NRP Vasco da Gama, \u00c1lvares Cabral, Corte Real, Bartolomeu Dias e D. Francisco de Almeida \u2013 constru\u00eddas h\u00e1 mais de trinta anos e que precisam de ser substitu\u00eddas nos pr\u00f3ximos anos.<\/p>\n<p>Atualmente, apenas It\u00e1lia e Egito t\u00eam estas fragatas ao servi\u00e7o.<\/p>\n<p>Recorde-se que, a 26 de novembro, os\u00a0ministros da Defesa de Portugal e It\u00e1lia assinaram uma declara\u00e7\u00e3o de inten\u00e7\u00f5es sobre coopera\u00e7\u00e3o, sobretudo com incid\u00eancia na ind\u00fastria, num quadro em que os italianos se candidatavam a vender tr\u00eas fragatas, tendo na altura Nuno Melo afirmado que n\u00e3o havia ainda &#8220;nenhuma decis\u00e3o&#8221; tomada sobre o neg\u00f3cio.<\/p>\n<p>\u00a0<\/p>\n","protected":false},"excerpt":{"rendered":"Neg\u00f3cio dever\u00e1 rondar os tr\u00eas mil milh\u00f5es de euros. Fran\u00e7a tamb\u00e9m estava na corrida Portugal escolheu as fragatas&hellip;\n","protected":false},"author":2,"featured_media":166341,"comment_status":"","ping_status":"","sticky":false,"template":"","format":"standard","meta":{"footnotes":""},"categories":[10],"tags":[609,611,27,28,362,607,608,855,27755,1359,610,476,90,15,16,34950,36461,36462,35100,14,1228,25,26,570,21,22,4490,16595,97,834,12,13,19,20,32,1503,23,24,33,17,18,29,30,31],"class_list":{"0":"post-175762","1":"post","2":"type-post","3":"status-publish","4":"format-standard","5":"has-post-thumbnail","7":"category-portugal","8":"tag-alerta","9":"tag-ao-minuto","10":"tag-breaking-news","11":"tag-breakingnews","12":"tag-casas","13":"tag-cnn","14":"tag-cnn-portugal","15":"tag-combustiveis","16":"tag-custo-de-vida","17":"tag-dinheiro","18":"tag-direto","19":"tag-economia","20":"tag-empresas","21":"tag-featured-news","22":"tag-featurednews","23":"tag-fragatas","24":"tag-fragatas-italianas","25":"tag-fremm","26":"tag-fremm-evo","27":"tag-headlines","28":"tag-imobiliario","29":"tag-latest-news","30":"tag-latestnews","31":"tag-live","32":"tag-main-news","33":"tag-mainnews","34":"tag-marinha","35":"tag-marinha-portuguesa","36":"tag-mercados","37":"tag-negocios","38":"tag-news","39":"tag-noticias","40":"tag-noticias-principais","41":"tag-noticiasprincipais","42":"tag-portugal","43":"tag-precos","44":"tag-principais-noticias","45":"tag-principaisnoticias","46":"tag-pt","47":"tag-top-stories","48":"tag-topstories","49":"tag-ultimas","50":"tag-ultimas-noticias","51":"tag-ultimasnoticias"},"share_on_mastodon":{"url":"","error":"Validation failed: Text character limit of 500 exceeded"},"_links":{"self":[{"href":"https:\/\/www.europesays.com\/pt\/wp-json\/wp\/v2\/posts\/175762","targetHints":{"allow":["GET"]}}],"collection":[{"href":"https:\/\/www.europesays.com\/pt\/wp-json\/wp\/v2\/posts"}],"about":[{"href":"https:\/\/www.europesays.com\/pt\/wp-json\/wp\/v2\/types\/post"}],"author":[{"embeddable":true,"href":"https:\/\/www.europesays.com\/pt\/wp-json\/wp\/v2\/users\/2"}],"replies":[{"embeddable":true,"href":"https:\/\/www.europesays.com\/pt\/wp-json\/wp\/v2\/comments?post=175762"}],"version-history":[{"count":0,"href":"https:\/\/www.europesays.com\/pt\/wp-json\/wp\/v2\/posts\/175762\/revisions"}],"wp:featuredmedia":[{"embeddable":true,"href":"https:\/\/www.europesays.com\/pt\/wp-json\/wp\/v2\/media\/166341"}],"wp:attachment":[{"href":"https:\/\/www.europesays.com\/pt\/wp-json\/wp\/v2\/media?parent=175762"}],"wp:term":[{"taxonomy":"category","embeddable":true,"href":"https:\/\/www.europesays.com\/pt\/wp-json\/wp\/v2\/categories?post=175762"},{"taxonomy":"post_tag","embeddable":true,"href":"https:\/\/www.europesays.com\/pt\/wp-json\/wp\/v2\/tags?post=175762"}],"curies":[{"name":"wp","href":"https:\/\/api.w.org\/{rel}","templated":true}]}}