{"id":175781,"date":"2025-12-04T19:15:15","date_gmt":"2025-12-04T19:15:15","guid":{"rendered":"https:\/\/www.europesays.com\/pt\/175781\/"},"modified":"2025-12-04T19:15:15","modified_gmt":"2025-12-04T19:15:15","slug":"em-dia-especial-judite-sousa-faz-mudanca-radical-de-visual-ficou-perfeita","status":"publish","type":"post","link":"https:\/\/www.europesays.com\/pt\/175781\/","title":{"rendered":"Em dia especial, Judite Sousa faz mudan\u00e7a radical de visual: &#8220;Ficou perfeita!&#8221;"},"content":{"rendered":"<p>No dia em que celebrou o 60.\u00ba anivers\u00e1rio, <a href=\"https:\/\/selfie.iol.pt\/famosos\/judite-sousa\/apos-ausencia-judite-sousa-quebra-o-silencio-e-faz-importante-revelacao-retomando\/20251123\/692364a3d34e3caad84b99c9\" target=\"_blank\" rel=\"nofollow noopener\">Judite Sousa<\/a> resolveu renovar o look e surgiu com um visual diferente do habitual.<\/p>\n<p>A jornalista surgiu com o cabelo mais comprido e num tom acobreado que, de imediato, rendeu muitos elogios a Judite Sousa.<\/p>\n<p>&#8220;Est\u00e1 maravilhosa&#8221;, elogiou a tamb\u00e9m jornalista Ana Sofia Cardoso, na caixa de coment\u00e1rios da publica\u00e7\u00e3o que mostra a mudan\u00e7a de visual.<\/p>\n<p>&#8220;Incr\u00edvel&#8221;; &#8220;Ficou perfeita&#8221; ou &#8220;Ficou ainda mais linda&#8221; s\u00e3o outras das mensagens que se podem ler.<\/p>\n<p>Veja, agora, na galeria, a imagem do novo visual de <a href=\"https:\/\/selfie.iol.pt\/famosos\/judite-sousa\/judite-sousa-faz-emotiva-homenagem-ao-filho-o-amor-da-minha-vida\/20240712\/6691a18fd34e049892231b18\" target=\"_blank\" rel=\"nofollow noopener\">Judite Sousa<\/a>.<\/p>\n","protected":false},"excerpt":{"rendered":"No dia em que celebrou o 60.\u00ba anivers\u00e1rio, Judite Sousa resolveu renovar o look e surgiu com um&hellip;\n","protected":false},"author":2,"featured_media":175782,"comment_status":"","ping_status":"","sticky":false,"template":"","format":"standard","meta":{"footnotes":""},"categories":[145],"tags":[211,210,114,115,980,1015,2718,36464,4319,619,32,33,1012,6659],"class_list":{"0":"post-175781","1":"post","2":"type-post","3":"status-publish","4":"format-standard","5":"has-post-thumbnail","7":"category-celebridades","8":"tag-celebridades","9":"tag-celebrities","10":"tag-entertainment","11":"tag-entretenimento","12":"tag-famosos","13":"tag-instagram","14":"tag-jornalista","15":"tag-judite-sousa","16":"tag-look","17":"tag-nacional","18":"tag-portugal","19":"tag-pt","20":"tag-selfie","21":"tag-visual"},"share_on_mastodon":{"url":"https:\/\/pubeurope.com\/@pt\/115662901950844614","error":""},"_links":{"self":[{"href":"https:\/\/www.europesays.com\/pt\/wp-json\/wp\/v2\/posts\/175781","targetHints":{"allow":["GET"]}}],"collection":[{"href":"https:\/\/www.europesays.com\/pt\/wp-json\/wp\/v2\/posts"}],"about":[{"href":"https:\/\/www.europesays.com\/pt\/wp-json\/wp\/v2\/types\/post"}],"author":[{"embeddable":true,"href":"https:\/\/www.europesays.com\/pt\/wp-json\/wp\/v2\/users\/2"}],"replies":[{"embeddable":true,"href":"https:\/\/www.europesays.com\/pt\/wp-json\/wp\/v2\/comments?post=175781"}],"version-history":[{"count":0,"href":"https:\/\/www.europesays.com\/pt\/wp-json\/wp\/v2\/posts\/175781\/revisions"}],"wp:featuredmedia":[{"embeddable":true,"href":"https:\/\/www.europesays.com\/pt\/wp-json\/wp\/v2\/media\/175782"}],"wp:attachment":[{"href":"https:\/\/www.europesays.com\/pt\/wp-json\/wp\/v2\/media?parent=175781"}],"wp:term":[{"taxonomy":"category","embeddable":true,"href":"https:\/\/www.europesays.com\/pt\/wp-json\/wp\/v2\/categories?post=175781"},{"taxonomy":"post_tag","embeddable":true,"href":"https:\/\/www.europesays.com\/pt\/wp-json\/wp\/v2\/tags?post=175781"}],"curies":[{"name":"wp","href":"https:\/\/api.w.org\/{rel}","templated":true}]}}