{"id":175783,"date":"2025-12-04T19:18:10","date_gmt":"2025-12-04T19:18:10","guid":{"rendered":"https:\/\/www.europesays.com\/pt\/175783\/"},"modified":"2025-12-04T19:18:10","modified_gmt":"2025-12-04T19:18:10","slug":"abracados-e-a-chorar-assim-acabou-o-almoco-de-pedro-marisa-e-leandro-secret-story","status":"publish","type":"post","link":"https:\/\/www.europesays.com\/pt\/175783\/","title":{"rendered":"Abra\u00e7ados e a chorar: assim acabou o almo\u00e7o de Pedro, Marisa e Leandro &#8211; Secret Story"},"content":{"rendered":"<p>No Secret Story 9, depois de um almo\u00e7o super emotivo, Marisa, Leandro e Pedro acabam em l\u00e1grimas e abra\u00e7ados. Sem dizerem muito, os concorrentes mostraram-se mais unidos do que nunca. Veja tudo.\u00a0<\/p>\n<p><strong>Esta semana, quatro concorrentes est\u00e3o nomeados e em risco de expuls\u00e3o. Pode votar na APP oficial do TVI reality ou atrav\u00e9s das linhas telef\u00f3nicas.<\/strong><\/p>\n<p>VOTE PARA SALVAR:<\/p>\n<p>BRUNA \u00a0\u2013 \u00a0761 20 20 03<br \/>LILIANA \u00a0\u2013 \u00a0761 20 20 14<br \/>MARISA \u00a0\u2013 \u00a0761 20 20 16<br \/>PEDRO \u00a0\u2013 \u00a0761 20 20 18<\/p>\n<p><a href=\"https:\/\/tvi.iol.pt\/secretstory\/aominuto\" rel=\"nofollow noopener\" target=\"_blank\">Acompanhe aqui tudo o que se passa no Secret Story 9\u00a0<\/a><\/p>\n","protected":false},"excerpt":{"rendered":"No Secret Story 9, depois de um almo\u00e7o super emotivo, Marisa, Leandro e Pedro acabam em l\u00e1grimas e&hellip;\n","protected":false},"author":2,"featured_media":175784,"comment_status":"","ping_status":"","sticky":false,"template":"","format":"standard","meta":{"footnotes":""},"categories":[142],"tags":[114,115,12397,19184,18800,14646,32,33,151,162,18801],"class_list":{"0":"post-175783","1":"post","2":"type-post","3":"status-publish","4":"format-standard","5":"has-post-thumbnail","7":"category-tv","8":"tag-entertainment","9":"tag-entretenimento","10":"tag-leandro","11":"tag-marisa","12":"tag-momentos-virais-secret-story","13":"tag-pedro","14":"tag-portugal","15":"tag-pt","16":"tag-tv","17":"tag-tvi","18":"tag-videos-virais-concorrentes"},"share_on_mastodon":{"url":"https:\/\/pubeurope.com\/@pt\/115662913764301276","error":""},"_links":{"self":[{"href":"https:\/\/www.europesays.com\/pt\/wp-json\/wp\/v2\/posts\/175783","targetHints":{"allow":["GET"]}}],"collection":[{"href":"https:\/\/www.europesays.com\/pt\/wp-json\/wp\/v2\/posts"}],"about":[{"href":"https:\/\/www.europesays.com\/pt\/wp-json\/wp\/v2\/types\/post"}],"author":[{"embeddable":true,"href":"https:\/\/www.europesays.com\/pt\/wp-json\/wp\/v2\/users\/2"}],"replies":[{"embeddable":true,"href":"https:\/\/www.europesays.com\/pt\/wp-json\/wp\/v2\/comments?post=175783"}],"version-history":[{"count":0,"href":"https:\/\/www.europesays.com\/pt\/wp-json\/wp\/v2\/posts\/175783\/revisions"}],"wp:featuredmedia":[{"embeddable":true,"href":"https:\/\/www.europesays.com\/pt\/wp-json\/wp\/v2\/media\/175784"}],"wp:attachment":[{"href":"https:\/\/www.europesays.com\/pt\/wp-json\/wp\/v2\/media?parent=175783"}],"wp:term":[{"taxonomy":"category","embeddable":true,"href":"https:\/\/www.europesays.com\/pt\/wp-json\/wp\/v2\/categories?post=175783"},{"taxonomy":"post_tag","embeddable":true,"href":"https:\/\/www.europesays.com\/pt\/wp-json\/wp\/v2\/tags?post=175783"}],"curies":[{"name":"wp","href":"https:\/\/api.w.org\/{rel}","templated":true}]}}