{"id":175799,"date":"2025-12-04T19:31:40","date_gmt":"2025-12-04T19:31:40","guid":{"rendered":"https:\/\/www.europesays.com\/pt\/175799\/"},"modified":"2025-12-04T19:31:40","modified_gmt":"2025-12-04T19:31:40","slug":"trump-descreve-encontro-entre-enviados-dos-eua-e-putin-como-muito-bom","status":"publish","type":"post","link":"https:\/\/www.europesays.com\/pt\/175799\/","title":{"rendered":"Trump descreve encontro entre enviados dos EUA e Putin como &#8220;muito bom&#8221;"},"content":{"rendered":"<p>&#13;<br \/>\n<b>&#8220;Ele gostaria de acabar com a guerra&#8221;<\/b>, destacou Donald Trump sobre o hom\u00f3logo russo, antes de esclarecer que esta foi a impress\u00e3o que o seu enviado, Steve Witkoff, e o seu genro, Jared Kushner, transmitiram ap\u00f3s reunirem com Putin.&#13;\n<\/p>\n<p>&#13;<br \/>\n<b>&#8220;Veremos se isso acontece&#8221;<\/b>, acrescentou, referindo-se a um acordo para p\u00f4r fim ao conflito.<\/p>\n<p>          <img decoding=\"async\" itemprop=\"image\" class=\"img-fluid\"   src=\"https:\/\/www.europesays.com\/pt\/wp-content\/uploads\/2025\/12\/9f5c521f3e2f196c426f7a5cceb0452a_N.jpg\"\/><\/p>\n<p>&#13;<br \/>\nAs declara\u00e7\u00f5es de Trump surgiram horas depois de o secret\u00e1rio de Estado norte-americano, Marco Rubio, ter afirmado que &#8220;algum progresso&#8221; tinha sido feito ap\u00f3s as negocia\u00e7\u00f5es na R\u00fassia sobre a Ucr\u00e2nia, mas salientou que &#8220;s\u00f3&#8221; Putin pode p\u00f4r fim \u00e0 guerra.&#13;\n<\/p>\n<p>&#13;<br \/>\nVladimir Putin &#8220;teve uma reuni\u00e3o muito boa ontem com Jared Kushner e com Steve Witkoff&#8221;, confirmou Trump aos jornalistas, esta quarta-feira, na Casa Branca. <b>&#8220;O que resultar\u00e1 dessa reuni\u00e3o? N\u00e3o posso dizer, porque \u00e9 preciso duas pessoas para dan\u00e7ar tango\u201d<\/b>, disse o presidente dos EUA.&#13;\n<\/p>\n<p>&#13;<br \/>\nA reuni\u00e3o de ter\u00e7a-feira no Kremlin n\u00e3o produziu avan\u00e7os significativos, com Moscovo a manter as suas exig\u00eancias, incluindo a ced\u00eancia pela Ucr\u00e2nia dos territ\u00f3rios ocupados e de \u00e1reas atualmente n\u00e3o controladas pelo ex\u00e9rcito russo.<\/p>\n<p><b>A presid\u00eancia russa negou, esta quarta-feira, ter rejeitado o plano de paz norte-americano para a Ucr\u00e2nia nas negocia\u00e7\u00f5es realizadas na ter\u00e7a-feira, atrav\u00e9s do porta-voz do Kremlin, Dmitri Peskov, durante a confer\u00eancia de imprensa telef\u00f3nica di\u00e1ria.<\/b><\/p>\n<p>&#8220;\u00c9 um processo normal de procura de compromissos&#8221;, afirmou, citado pela ag\u00eancia de not\u00edcias espanhola EFE.&#13;\n<\/p>\n<p>&#13;<br \/>\n<b>Peskov assegurou que a R\u00fassia est\u00e1 disposta a reunir-se com representantes dos Estados Unidos &#8220;as vezes que forem necess\u00e1rias para alcan\u00e7ar um acordo pac\u00edfico&#8221;.<\/b>&#13;\n<\/p>\n<p>&#13;<br \/>\nTamb\u00e9m do lado ucraniano\u00a0houve declara\u00e7\u00f5es sobre a Administra\u00e7\u00e3o Trump ter convidado Kiev aos EUA &#8220;num futuro pr\u00f3ximo&#8221; para negocia\u00e7\u00f5es, j\u00e1 que o futuro de um acordo \u00e9 incerto.&#13;\n<\/p>\n<p>&#13;<br \/>\n\u00a0&#13;\n<\/p>\n<p>&#13;<br \/>\nC\/ag\u00eancias&#13;<\/p>\n","protected":false},"excerpt":{"rendered":"&#13; &#8220;Ele gostaria de acabar com a guerra&#8221;, destacou Donald Trump sobre o hom\u00f3logo russo, antes de esclarecer&hellip;\n","protected":false},"author":2,"featured_media":175800,"comment_status":"","ping_status":"","sticky":false,"template":"","format":"standard","meta":{"footnotes":""},"categories":[8],"tags":[27,28,15,16,14,25,26,21,22,12,13,19,20,32,23,24,33,3813,17,18,840,29,30,31],"class_list":{"0":"post-175799","1":"post","2":"type-post","3":"status-publish","4":"format-standard","5":"has-post-thumbnail","7":"category-principais-noticias","8":"tag-breaking-news","9":"tag-breakingnews","10":"tag-featured-news","11":"tag-featurednews","12":"tag-headlines","13":"tag-latest-news","14":"tag-latestnews","15":"tag-main-news","16":"tag-mainnews","17":"tag-news","18":"tag-noticias","19":"tag-noticias-principais","20":"tag-noticiasprincipais","21":"tag-portugal","22":"tag-principais-noticias","23":"tag-principaisnoticias","24":"tag-pt","25":"tag-putin","26":"tag-top-stories","27":"tag-topstories","28":"tag-ucrania","29":"tag-ultimas","30":"tag-ultimas-noticias","31":"tag-ultimasnoticias"},"share_on_mastodon":{"url":"https:\/\/pubeurope.com\/@pt\/115662965296865498","error":""},"_links":{"self":[{"href":"https:\/\/www.europesays.com\/pt\/wp-json\/wp\/v2\/posts\/175799","targetHints":{"allow":["GET"]}}],"collection":[{"href":"https:\/\/www.europesays.com\/pt\/wp-json\/wp\/v2\/posts"}],"about":[{"href":"https:\/\/www.europesays.com\/pt\/wp-json\/wp\/v2\/types\/post"}],"author":[{"embeddable":true,"href":"https:\/\/www.europesays.com\/pt\/wp-json\/wp\/v2\/users\/2"}],"replies":[{"embeddable":true,"href":"https:\/\/www.europesays.com\/pt\/wp-json\/wp\/v2\/comments?post=175799"}],"version-history":[{"count":0,"href":"https:\/\/www.europesays.com\/pt\/wp-json\/wp\/v2\/posts\/175799\/revisions"}],"wp:featuredmedia":[{"embeddable":true,"href":"https:\/\/www.europesays.com\/pt\/wp-json\/wp\/v2\/media\/175800"}],"wp:attachment":[{"href":"https:\/\/www.europesays.com\/pt\/wp-json\/wp\/v2\/media?parent=175799"}],"wp:term":[{"taxonomy":"category","embeddable":true,"href":"https:\/\/www.europesays.com\/pt\/wp-json\/wp\/v2\/categories?post=175799"},{"taxonomy":"post_tag","embeddable":true,"href":"https:\/\/www.europesays.com\/pt\/wp-json\/wp\/v2\/tags?post=175799"}],"curies":[{"name":"wp","href":"https:\/\/api.w.org\/{rel}","templated":true}]}}