{"id":175821,"date":"2025-12-04T19:47:13","date_gmt":"2025-12-04T19:47:13","guid":{"rendered":"https:\/\/www.europesays.com\/pt\/175821\/"},"modified":"2025-12-04T19:47:13","modified_gmt":"2025-12-04T19:47:13","slug":"salvador-ganha-dois-murais-de-grafite-em-homenagem-a-iansa-e-santa-barbara-2","status":"publish","type":"post","link":"https:\/\/www.europesays.com\/pt\/175821\/","title":{"rendered":"Salvador ganha dois murais de grafite em homenagem a Ians\u00e3 e Santa B\u00e1rbara"},"content":{"rendered":"<p>ARTE URBANA<\/p>\n<p>As obras fazem parte do projeto Viva Salvador<\/p>\n<ul class=\"image-container flex flex-wrap list-none gap-2\">\n<li class=\"image-item flex flex-row justify-center items-center\">\n<p><img decoding=\"async\" src=\"https:\/\/www.europesays.com\/pt\/wp-content\/uploads\/2025\/12\/carol-neves-1996875.jpg\" width=\"45px\" height=\"45px\" alt=\"Foto do(a) author(a) Carol Neves\" class=\"relative w-full z-20\"\/><\/p>\n<\/li>\n<\/ul>\n<p>\nPublicado em 4 de dezembro de 2025 \u00e0s 13:32\n<\/p>\n<p><img fetchpriority=\"high\" decoding=\"async\" loading=\"eager\" src=\"https:\/\/www.europesays.com\/pt\/wp-content\/uploads\/2025\/12\/arte-em-homenagem-a-iansa-3042235-article.webp.webp\" width=\"1200\" height=\"800\" alt=\"Arte em homenagem a Ians\u00e3\" class=\"w-full h-auto\"\/><\/p>\n<p>Arte em homenagem a Ians\u00e3 Cr\u00e9dito: Mather Aguiar<\/p>\n<p id=\"paragrafo-1zvtfl0jk9\">\nO ponto de partida de uma grande rota de arte p\u00fablica j\u00e1 pode ser visto na Baixa dos Sapateiros. Os primeiros murais do projeto Viva Salvador: arte, f\u00e9 e tradi\u00e7\u00e3o foram inaugurados no Mercado de Santa B\u00e1rbara, que nesta quinta-feira (4) se mistura ao vermelho das celebra\u00e7\u00f5es de Santa B\u00e1rbara e Ians\u00e3. As duas figuras religiosas s\u00e3o justamente as protagonistas das pinturas que agora ocupam o espa\u00e7o. &gt;\n<\/p>\n<p id=\"paragrafo-z2pop4j933\">\nAs cria\u00e7\u00f5es tomaram forma em apenas dois dias de trabalho intenso, reunindo nomes de destaque da cena do grafite baiano. Bigod e Prisk, do Coletivo MUSAS &#8211; Museu de Street Art de Salvador -, dividiram a execu\u00e7\u00e3o de um dos pain\u00e9is; o outro leva a identidade visual de T\u00e1rcio V, artista conhecido entre os principais representantes do grafite no estado.&gt;\n<\/p>\n<p>Arte em homenagem a Santa B\u00e1rbara por Mather Aguiar<\/p>\n<p id=\"paragrafo-dgc2y5x34b\">\nIdealizado pela Viva Ag\u00eancia de Ideias, sob dire\u00e7\u00e3o de Paula Hazin, o projeto nasce com o prop\u00f3sito de ressignificar muros e fachadas, transformando-os em lugares de mem\u00f3ria e express\u00e3o das matrizes culturais de Salvador. \u201cA ideia \u00e9 homenagear a cidade com esta linguagem t\u00e3o linda que \u00e9 o grafite. Come\u00e7amos pela festa de Santa B\u00e1rbara, que pinta nossa Salvador de vermelho. O nosso desejo \u00e9 envolver arte, f\u00e9 e festa, por\u00e9m repensando a maneira como utilizamos os espa\u00e7os p\u00fablicos e, claro, trazendo beleza\u201d, explica Hazin.&gt;\n<\/p>\n<p id=\"paragrafo-l97e65z7wy\">\n<b>Arte urbana como ponte entre f\u00e9, identidade e cidade<\/b>&gt;\n<\/p>\n<p id=\"paragrafo-3kt9tomfd3\">\nA proposta do Viva Salvador vai al\u00e9m da est\u00e9tica: a iniciativa pretende fortalecer o patrim\u00f4nio imaterial e valorizar tradi\u00e7\u00f5es religiosas de matriz africana por meio da arte urbana. O projeto prev\u00ea ao menos sete grandes murais, cada um dedicado a uma celebra\u00e7\u00e3o popular: S\u00e3o L\u00e1zaro, Nossa Senhora da Concei\u00e7\u00e3o da Praia, Bom Jesus dos Navegantes, Lavagem do Bonfim, Iemanj\u00e1 e Carnaval.&gt;\n<\/p>\n<p id=\"paragrafo-rwj6xu9vvy\">\nOs locais escolhidos para receber as interven\u00e7\u00f5es est\u00e3o sendo definidos em di\u00e1logo com moradores e institui\u00e7\u00f5es p\u00fablicas, priorizando \u00e1reas que precisam de revitaliza\u00e7\u00e3o ou que recebem grande circula\u00e7\u00e3o de pessoas. Segundo Hazin, \u201cdentre os principais objetivos do projeto est\u00e3o valorizar o patrim\u00f4nio cultural e religioso de Salvador, al\u00e9m de promover o grafite como ferramenta de transforma\u00e7\u00e3o urbana, estimular o turismo cultural, fortalecer a produ\u00e7\u00e3o art\u00edstica local e criar circuitos de arte p\u00fablica acess\u00edveis \u00e0 popula\u00e7\u00e3o\u201d.&gt;\n<\/p>\n<p id=\"paragrafo-v283vl1sod\">\n<b>Forma\u00e7\u00e3o, debates e mem\u00f3ria audiovisual<\/b>&gt;\n<\/p>\n<p id=\"paragrafo-t5tyyi2if1\">\nO Viva Salvador tamb\u00e9m aposta na educa\u00e7\u00e3o e na troca de saberes. Jovens de bairros populares poder\u00e3o participar de oficinas gratuitas de grafite, que abordar\u00e3o desde t\u00e9cnicas de pintura at\u00e9 reflex\u00f5es sobre identidade cultural e hist\u00f3ria da arte urbana. Ao final, os participantes se juntam \u00e0 cria\u00e7\u00e3o de novos murais.&gt;\n<\/p>\n<p id=\"paragrafo-ycl6fqi72f\">\nA programa\u00e7\u00e3o inclui ainda mesas-redondas e semin\u00e1rios com artistas, pesquisadores, representantes religiosos, lideran\u00e7as comunit\u00e1rias e mestres da cultura popular, discutindo o simbolismo das festas tradicionais da capital baiana. Para registrar todo o percurso, um mini document\u00e1rio est\u00e1 em produ\u00e7\u00e3o e deve ser lan\u00e7ado como parte do projeto.&gt;<\/p>\n","protected":false},"excerpt":{"rendered":"ARTE URBANA As obras fazem parte do projeto Viva Salvador Publicado em 4 de dezembro de 2025 \u00e0s&hellip;\n","protected":false},"author":2,"featured_media":175822,"comment_status":"","ping_status":"","sticky":false,"template":"","format":"standard","meta":{"footnotes":""},"categories":[144],"tags":[207,205,206,203,201,202,204,114,115,32,33],"class_list":{"0":"post-175821","1":"post","2":"type-post","3":"status-publish","4":"format-standard","5":"has-post-thumbnail","7":"category-arte-e-design","8":"tag-arte","9":"tag-arte-e-design","10":"tag-artedesign","11":"tag-arts","12":"tag-arts-and-design","13":"tag-artsanddesign","14":"tag-design","15":"tag-entertainment","16":"tag-entretenimento","17":"tag-portugal","18":"tag-pt"},"share_on_mastodon":{"url":"https:\/\/pubeurope.com\/@pt\/115663028064266481","error":""},"_links":{"self":[{"href":"https:\/\/www.europesays.com\/pt\/wp-json\/wp\/v2\/posts\/175821","targetHints":{"allow":["GET"]}}],"collection":[{"href":"https:\/\/www.europesays.com\/pt\/wp-json\/wp\/v2\/posts"}],"about":[{"href":"https:\/\/www.europesays.com\/pt\/wp-json\/wp\/v2\/types\/post"}],"author":[{"embeddable":true,"href":"https:\/\/www.europesays.com\/pt\/wp-json\/wp\/v2\/users\/2"}],"replies":[{"embeddable":true,"href":"https:\/\/www.europesays.com\/pt\/wp-json\/wp\/v2\/comments?post=175821"}],"version-history":[{"count":0,"href":"https:\/\/www.europesays.com\/pt\/wp-json\/wp\/v2\/posts\/175821\/revisions"}],"wp:featuredmedia":[{"embeddable":true,"href":"https:\/\/www.europesays.com\/pt\/wp-json\/wp\/v2\/media\/175822"}],"wp:attachment":[{"href":"https:\/\/www.europesays.com\/pt\/wp-json\/wp\/v2\/media?parent=175821"}],"wp:term":[{"taxonomy":"category","embeddable":true,"href":"https:\/\/www.europesays.com\/pt\/wp-json\/wp\/v2\/categories?post=175821"},{"taxonomy":"post_tag","embeddable":true,"href":"https:\/\/www.europesays.com\/pt\/wp-json\/wp\/v2\/tags?post=175821"}],"curies":[{"name":"wp","href":"https:\/\/api.w.org\/{rel}","templated":true}]}}