{"id":175837,"date":"2025-12-04T19:59:10","date_gmt":"2025-12-04T19:59:10","guid":{"rendered":"https:\/\/www.europesays.com\/pt\/175837\/"},"modified":"2025-12-04T19:59:10","modified_gmt":"2025-12-04T19:59:10","slug":"paises-europeus-cancelam-participacao-no-eurovision-apos-confirmacao-de-israel-mundo","status":"publish","type":"post","link":"https:\/\/www.europesays.com\/pt\/175837\/","title":{"rendered":"Pa\u00edses europeus cancelam participa\u00e7\u00e3o no Eurovision ap\u00f3s confirma\u00e7\u00e3o de Israel | Mundo"},"content":{"rendered":"\n<p class=\" content-text__container theme-color-primary-first-letter\" data-track-category=\"Link no Texto\" data-track-links=\"\"> Pelo menos quatro pa\u00edses europeus, incluindo Holanda, Espanha, Eslov\u00eania e Irlanda, cancelaram nesta quinta-feira (4) suas respectivas participa\u00e7\u00f5es no Eurovision 2026 ap\u00f3s a confirma\u00e7\u00e3o de que Israel permanecer\u00e1 no festival, a despeito dos pedidos feitos para a exclus\u00e3o do pa\u00eds por conta, principalmente, da guerra da Faixa de Gaza.<\/p>\n<p class=\" content-text__container \" data-track-category=\"Link no Texto\" data-track-links=\"\"> Mais cedo, foi cogitado que Israel poderia n\u00e3o participar do Eurovision, tanto pela sua campanha em Gaza quanto por acusa\u00e7\u00f5es de que o pa\u00eds teria desrespeitado regras voltadas \u00e0 prote\u00e7\u00e3o da neutralidade do festival.<\/p>\n<p class=\" content-text__container \" data-track-category=\"Link no Texto\" data-track-links=\"\"> Posteriormente, a Uni\u00e3o Europeia de Radiodifus\u00e3o (UER), organizadora do festival, anunciou que Israel poder\u00e1 competir na edi\u00e7\u00e3o do pr\u00f3ximo ano, ap\u00f3s os membros da organiza\u00e7\u00e3o decidirem n\u00e3o convocar uma vota\u00e7\u00e3o para questionar a participa\u00e7\u00e3o israelense.<\/p>\n<p class=\" content-text__container \" data-track-category=\"Link no Texto\" data-track-links=\"\"> A participa\u00e7\u00e3o de Israel na competi\u00e7\u00e3o tamb\u00e9m foi confirmada pela emissora p\u00fablica israelense Kan.<\/p>\n<p class=\" content-text__container \" data-track-category=\"Link no Texto\" data-track-links=\"\"> Logo ap\u00f3s a confirma\u00e7\u00e3o vir \u00e0 tona, emissoras da Holanda e da Irlanda anunciaram que seus respectivos pa\u00edses n\u00e3o far\u00e3o parte da edi\u00e7\u00e3o de 2026 do festival por conta da perman\u00eancia de Israel.<\/p>\n<p class=\" content-text__container \" data-track-category=\"Link no Texto\" data-track-links=\"\"> A emissora AvroTros confirmou o boicote holand\u00eas ao Eurovision por conta da participa\u00e7\u00e3o israelense, segundo informa\u00e7\u00f5es divulgadas hoje pela ag\u00eancia Reuters.<\/p>\n<p class=\" content-text__container \" data-track-category=\"Link no Texto\" data-track-links=\"\"> \u201cNas circunst\u00e2ncias atuais, a participa\u00e7\u00e3o n\u00e3o pode ser conciliada com os valores p\u00fablicos que s\u00e3o fundamentais para a nossa organiza\u00e7\u00e3o\u201d, afirmou a emissora holandesa.<\/p>\n<p class=\" content-text__container \" data-track-category=\"Link no Texto\" data-track-links=\"\"> Em seguida, a irlandesa RTE ratificou o boicote ao festival, ao afirmar que a Irlanda n\u00e3o participar\u00e1 e nem transmitir\u00e1 a edi\u00e7\u00e3o do ano que vem do Eurovision.<\/p>\n<p class=\" content-text__container \" data-track-category=\"Link no Texto\" data-track-links=\"\"> Segundo a emissora, o envolvimento da Irlanda \u201ccontinua inconceb\u00edvel, dada a terr\u00edvel perda de vidas em Gaza e a crise humanit\u00e1ria.\u201d<\/p>\n<p class=\" content-text__container \" data-track-category=\"Link no Texto\" data-track-links=\"\"> Conforme a Reuters, a emissora espanhola RTVE tamb\u00e9m declarou que n\u00e3o far\u00e1 parte da pr\u00f3xima edi\u00e7\u00e3o do festival, sem entrar em mais detalhes. Anteriormente, a Espanha j\u00e1 havia declarado que boicotaria a competi\u00e7\u00e3o no caso da perman\u00eancia de Israel.<\/p>\n<p class=\" content-text__container \" data-track-category=\"Link no Texto\" data-track-links=\"\"> A Eslov\u00eania tamb\u00e9m se retirou da competi\u00e7\u00e3o, conforme informado pela diretora da emissora RTV Slovenija, Natalija Gorscak, \u00e0 Reuters.<\/p>\n<p class=\" content-text__container \" data-track-category=\"Link no Texto\" data-track-links=\"\"> A participa\u00e7\u00e3o de Israel dividiu opini\u00f5es entre os outros competidores. A Alemanha, um dos principais apoiadores do Eurovision, amea\u00e7ou sair da competi\u00e7\u00e3o no caso de uma exclus\u00e3o de Israel.<\/p>\n<p class=\" content-text__container \" data-track-category=\"Link no Texto\" data-track-links=\"\"> Ap\u00f3s a confirma\u00e7\u00e3o da participa\u00e7\u00e3o, o presidente israelense, Isaac Herzog, agradeceu o apoio.<\/p>\n<p class=\" content-text__container \" data-track-category=\"Link no Texto\" data-track-links=\"\"> \u201cFico satisfeito que Israel participe mais uma vez do Eurovision e espero que a competi\u00e7\u00e3o continue a promover a cultura, a m\u00fasica, a amizade entre as na\u00e7\u00f5es e o entendimento cultural transfronteiri\u00e7o\u201d, declarou.<\/p>\n<p class=\" content-text__container \" data-track-category=\"Link no Texto\" data-track-links=\"\"> O Festival Eurovision \u00e9 realizado desde 1956 e \u00e9 aberto a todos os pa\u00edses integrantes da UER, o que abrange n\u00e3o somente os pa\u00edses europeus, como tamb\u00e9m na\u00e7\u00f5es do Norte da \u00c1frica e do Oriente M\u00e9dio, incluindo Israel, al\u00e9m da Austr\u00e1lia, que participa de forma fixa desde 2015.<\/p>\n<p class=\" content-text__container \" data-track-category=\"Link no Texto\" data-track-links=\"\"> O festival possui uma audi\u00eancia superior a de eventos como o SuperBowl dos Estados Unidos. Neste ano, o Eurovision atingiu 166 milh\u00f5es de espectadores.<\/p>\n","protected":false},"excerpt":{"rendered":"Pelo menos quatro pa\u00edses europeus, incluindo Holanda, Espanha, Eslov\u00eania e Irlanda, cancelaram nesta quinta-feira (4) suas respectivas participa\u00e7\u00f5es&hellip;\n","protected":false},"author":2,"featured_media":175838,"comment_status":"","ping_status":"","sticky":false,"template":"","format":"standard","meta":{"footnotes":""},"categories":[8],"tags":[27,28,4947,640,257,15,16,14,9852,259,25,26,21,22,12,13,19,20,3914,32,23,24,33,30857,17,18,29,30,31,636],"class_list":{"0":"post-175837","1":"post","2":"type-post","3":"status-publish","4":"format-standard","5":"has-post-thumbnail","7":"category-principais-noticias","8":"tag-breaking-news","9":"tag-breakingnews","10":"tag-eslovenia","11":"tag-espanha","12":"tag-faixa-de-gaza","13":"tag-featured-news","14":"tag-featurednews","15":"tag-headlines","16":"tag-irlanda","17":"tag-israel","18":"tag-latest-news","19":"tag-latestnews","20":"tag-main-news","21":"tag-mainnews","22":"tag-news","23":"tag-noticias","24":"tag-noticias-principais","25":"tag-noticiasprincipais","26":"tag-paises-baixos","27":"tag-portugal","28":"tag-principais-noticias","29":"tag-principaisnoticias","30":"tag-pt","31":"tag-radiodifusao","32":"tag-top-stories","33":"tag-topstories","34":"tag-ultimas","35":"tag-ultimas-noticias","36":"tag-ultimasnoticias","37":"tag-uniao-europeia"},"share_on_mastodon":{"url":"https:\/\/pubeurope.com\/@pt\/115663075093629465","error":""},"_links":{"self":[{"href":"https:\/\/www.europesays.com\/pt\/wp-json\/wp\/v2\/posts\/175837","targetHints":{"allow":["GET"]}}],"collection":[{"href":"https:\/\/www.europesays.com\/pt\/wp-json\/wp\/v2\/posts"}],"about":[{"href":"https:\/\/www.europesays.com\/pt\/wp-json\/wp\/v2\/types\/post"}],"author":[{"embeddable":true,"href":"https:\/\/www.europesays.com\/pt\/wp-json\/wp\/v2\/users\/2"}],"replies":[{"embeddable":true,"href":"https:\/\/www.europesays.com\/pt\/wp-json\/wp\/v2\/comments?post=175837"}],"version-history":[{"count":0,"href":"https:\/\/www.europesays.com\/pt\/wp-json\/wp\/v2\/posts\/175837\/revisions"}],"wp:featuredmedia":[{"embeddable":true,"href":"https:\/\/www.europesays.com\/pt\/wp-json\/wp\/v2\/media\/175838"}],"wp:attachment":[{"href":"https:\/\/www.europesays.com\/pt\/wp-json\/wp\/v2\/media?parent=175837"}],"wp:term":[{"taxonomy":"category","embeddable":true,"href":"https:\/\/www.europesays.com\/pt\/wp-json\/wp\/v2\/categories?post=175837"},{"taxonomy":"post_tag","embeddable":true,"href":"https:\/\/www.europesays.com\/pt\/wp-json\/wp\/v2\/tags?post=175837"}],"curies":[{"name":"wp","href":"https:\/\/api.w.org\/{rel}","templated":true}]}}