{"id":175861,"date":"2025-12-04T20:22:09","date_gmt":"2025-12-04T20:22:09","guid":{"rendered":"https:\/\/www.europesays.com\/pt\/175861\/"},"modified":"2025-12-04T20:22:09","modified_gmt":"2025-12-04T20:22:09","slug":"cimeira-de-presidentes-fc-porto-e-benfica-pedem-fim-da-taca-da-liga","status":"publish","type":"post","link":"https:\/\/www.europesays.com\/pt\/175861\/","title":{"rendered":"Cimeira de Presidentes: FC Porto e Benfica pedem fim da Ta\u00e7a da Liga"},"content":{"rendered":"<p style=\"margin-bottom:11px\">Para l\u00e1 da cordialidade e sintonia sublinhada por Reinaldo Teixeira, presidente da Liga Portugal, no rescaldo da\u00a0<a href=\"https:\/\/maisfutebol.iol.pt\/benfica\/sporting\/varandas-rui-costa-villas-boas-e-salvador-ja-estao-na-sede-da-liga\" rel=\"nofollow noopener\" target=\"_blank\">XVI Cimeira de Presidentes, que decorreu nesta quinta-feira<\/a> na sede do organismo, no Porto, a Ta\u00e7a da Liga continua a n\u00e3o gerar consenso. Face \u00e0 informa\u00e7\u00e3o avan\u00e7ada na imprensa nacional, o <strong>Maisfutebol <\/strong>confirmou que FC Porto e Benfica defenderam o fim da prova, sobretudo pelo retorno financeiro e pelos constrangimentos de calend\u00e1rio.<\/p>\n<p>A posi\u00e7\u00e3o foi vincada nesta tarde, no terceiro e \u00faltimo ponto da cimeira, dedicado \u00e0s altera\u00e7\u00f5es nos quadros competitivos. Nesta fase, <a href=\"https:\/\/maisfutebol.iol.pt\/liga\/liga-portugal\/cimeira-de-presidentes-manha-dominada-pela-centralizacao-dos-direitos-televisivos\" rel=\"nofollow noopener\" target=\"_blank\">Frederico Varandas, presidente do Sporting, j\u00e1 havia rumado a Lisboa<\/a>, por compromissos inadi\u00e1veis, pelo que os le\u00f5es foram representados por Patr\u00edcia Silva Lopes.<\/p>\n<p>Horas mais tarde,\u00a0<a href=\"https:\/\/maisfutebol.iol.pt\/liga\/taca-da-liga\/reinaldo-teixeira-aponta-a-taca-da-liga-para-todas-as-sociedades-desportivas\" rel=\"nofollow noopener\" target=\"_blank\">Reinaldo Teixeira voltou a apontar a um modelo com todos os clubes de Liga e II Liga<\/a>, como j\u00e1 aconteceu. Em 2024 foi abandonada a fase de grupos, dando lugar \u00e0 participa\u00e7\u00e3o de seis emblemas da Liga e dois provenientes da II Liga, num formato iniciado nos quartos de final e que culmina na \u201cfinal-four\u201d.<\/p>\n<p>Em 18 edi\u00e7\u00f5es da Ta\u00e7a da Liga, o Benfica conquistou a prova por oito vezes, a mais recente em janeiro. As \u00e1guias s\u00e3o perseguidas por Sporting (quatro), Sp. Braga (tr\u00eas), Vit\u00f3ria de Set\u00fabal (uma), Moreirense (uma) e FC Porto (uma).<\/p>\n","protected":false},"excerpt":{"rendered":"Para l\u00e1 da cordialidade e sintonia sublinhada por Reinaldo Teixeira, presidente da Liga Portugal, no rescaldo da\u00a0XVI Cimeira&hellip;\n","protected":false},"author":2,"featured_media":175862,"comment_status":"","ping_status":"","sticky":false,"template":"","format":"standard","meta":{"footnotes":""},"categories":[87],"tags":[51,135,282,36,22472,46,462,32,33,47,6058,134,5344,3042],"class_list":{"0":"post-175861","1":"post","2":"type-post","3":"status-publish","4":"format-standard","5":"has-post-thumbnail","7":"category-desporto","8":"tag-benfica","9":"tag-desporto","10":"tag-fc-porto","11":"tag-liga","12":"tag-liga-portugal","13":"tag-maisfutebol","14":"tag-porto","15":"tag-portugal","16":"tag-pt","17":"tag-pura-paixao","18":"tag-rui-costa","19":"tag-sports","20":"tag-taca-da-liga","21":"tag-villas-boas"},"share_on_mastodon":{"url":"https:\/\/pubeurope.com\/@pt\/115663165500632735","error":""},"_links":{"self":[{"href":"https:\/\/www.europesays.com\/pt\/wp-json\/wp\/v2\/posts\/175861","targetHints":{"allow":["GET"]}}],"collection":[{"href":"https:\/\/www.europesays.com\/pt\/wp-json\/wp\/v2\/posts"}],"about":[{"href":"https:\/\/www.europesays.com\/pt\/wp-json\/wp\/v2\/types\/post"}],"author":[{"embeddable":true,"href":"https:\/\/www.europesays.com\/pt\/wp-json\/wp\/v2\/users\/2"}],"replies":[{"embeddable":true,"href":"https:\/\/www.europesays.com\/pt\/wp-json\/wp\/v2\/comments?post=175861"}],"version-history":[{"count":0,"href":"https:\/\/www.europesays.com\/pt\/wp-json\/wp\/v2\/posts\/175861\/revisions"}],"wp:featuredmedia":[{"embeddable":true,"href":"https:\/\/www.europesays.com\/pt\/wp-json\/wp\/v2\/media\/175862"}],"wp:attachment":[{"href":"https:\/\/www.europesays.com\/pt\/wp-json\/wp\/v2\/media?parent=175861"}],"wp:term":[{"taxonomy":"category","embeddable":true,"href":"https:\/\/www.europesays.com\/pt\/wp-json\/wp\/v2\/categories?post=175861"},{"taxonomy":"post_tag","embeddable":true,"href":"https:\/\/www.europesays.com\/pt\/wp-json\/wp\/v2\/tags?post=175861"}],"curies":[{"name":"wp","href":"https:\/\/api.w.org\/{rel}","templated":true}]}}