{"id":175894,"date":"2025-12-04T20:56:35","date_gmt":"2025-12-04T20:56:35","guid":{"rendered":"https:\/\/www.europesays.com\/pt\/175894\/"},"modified":"2025-12-04T20:56:35","modified_gmt":"2025-12-04T20:56:35","slug":"quando-as-maquinas-substituem-os-funcionarios-a-ia-esta-a-invadir-o-mercado-de-trabalho","status":"publish","type":"post","link":"https:\/\/www.europesays.com\/pt\/175894\/","title":{"rendered":"Quando as m\u00e1quinas substituem os funcion\u00e1rios: a IA est\u00e1 a invadir o mercado de trabalho?"},"content":{"rendered":"<p data-remotead-prev-elm=\"true\" data-remotead-elm-id=\"inread\">H\u00e1 pouco mais de uma semana, abriu em Lisboa uma parafarm\u00e1cia que n\u00e3o tem empregados, filas, senhas ou balc\u00f5es, e que est\u00e1 aberta 24 horas por dia, sete dias por semana. \u00c9 a primeira loja do g\u00e9nero em Portugal gerida por intelig\u00eancia artificial (IA), funciona de forma aut\u00f3noma. Basta entrar, passar um meio de pagamento eletr\u00f3nico no sensor da porta, recolher os produtos das prateleiras e, no final, \u00e9 s\u00f3 sair e ver o valor ser debitado na conta. Parece cen\u00e1rio do futuro, mas est\u00e1 j\u00e1 a acontecer. A verdade \u00e9 que a IA est\u00e1 a entrar em for\u00e7a no mercado de trabalho, e n\u00e3o, Portugal n\u00e3o \u00e9 exce\u00e7\u00e3o. Um recente inqu\u00e9rito do INE revelou que, em 2025, j\u00e1 11,5% das empresas portuguesas utilizam IA, quase mais tr\u00eas pontos percentuais do que no ano passado. N\u00fameros diferentes tem a Amazon Web Services, que concluiu, num relat\u00f3rio, que 41% das empresas em Portugal est\u00e3o a utilizar IA e que s\u00e3o as startups que est\u00e3o a desbravar mais caminho.<\/p>\n<p>Acesso exclusivo a assinantes<\/p>\n<p>Acesso ilimitado a conte\u00fados exclusivos<\/p>\n<p>Navega\u00e7\u00e3o sem publicidade intrusiva<\/p>\n<p>Vers\u00e3o digital do jornal, suplementos e revistas<\/p>\n","protected":false},"excerpt":{"rendered":"H\u00e1 pouco mais de uma semana, abriu em Lisboa uma parafarm\u00e1cia que n\u00e3o tem empregados, filas, senhas ou&hellip;\n","protected":false},"author":2,"featured_media":175895,"comment_status":"","ping_status":"","sticky":false,"template":"","format":"standard","meta":{"footnotes":""},"categories":[83],"tags":[88,4796,89,618,90,22064,414,36472,32,33],"class_list":{"0":"post-175894","1":"post","2":"type-post","3":"status-publish","4":"format-standard","5":"has-post-thumbnail","7":"category-empresas","8":"tag-business","9":"tag-desemprego","10":"tag-economy","11":"tag-emprego","12":"tag-empresas","13":"tag-historias","14":"tag-ia","15":"tag-maquinas","16":"tag-portugal","17":"tag-pt"},"share_on_mastodon":{"url":"https:\/\/pubeurope.com\/@pt\/115663299274505908","error":""},"_links":{"self":[{"href":"https:\/\/www.europesays.com\/pt\/wp-json\/wp\/v2\/posts\/175894","targetHints":{"allow":["GET"]}}],"collection":[{"href":"https:\/\/www.europesays.com\/pt\/wp-json\/wp\/v2\/posts"}],"about":[{"href":"https:\/\/www.europesays.com\/pt\/wp-json\/wp\/v2\/types\/post"}],"author":[{"embeddable":true,"href":"https:\/\/www.europesays.com\/pt\/wp-json\/wp\/v2\/users\/2"}],"replies":[{"embeddable":true,"href":"https:\/\/www.europesays.com\/pt\/wp-json\/wp\/v2\/comments?post=175894"}],"version-history":[{"count":0,"href":"https:\/\/www.europesays.com\/pt\/wp-json\/wp\/v2\/posts\/175894\/revisions"}],"wp:featuredmedia":[{"embeddable":true,"href":"https:\/\/www.europesays.com\/pt\/wp-json\/wp\/v2\/media\/175895"}],"wp:attachment":[{"href":"https:\/\/www.europesays.com\/pt\/wp-json\/wp\/v2\/media?parent=175894"}],"wp:term":[{"taxonomy":"category","embeddable":true,"href":"https:\/\/www.europesays.com\/pt\/wp-json\/wp\/v2\/categories?post=175894"},{"taxonomy":"post_tag","embeddable":true,"href":"https:\/\/www.europesays.com\/pt\/wp-json\/wp\/v2\/tags?post=175894"}],"curies":[{"name":"wp","href":"https:\/\/api.w.org\/{rel}","templated":true}]}}