{"id":175896,"date":"2025-12-04T20:57:08","date_gmt":"2025-12-04T20:57:08","guid":{"rendered":"https:\/\/www.europesays.com\/pt\/175896\/"},"modified":"2025-12-04T20:57:08","modified_gmt":"2025-12-04T20:57:08","slug":"governo-portugues-nao-foi-recebido-em-macau","status":"publish","type":"post","link":"https:\/\/www.europesays.com\/pt\/175896\/","title":{"rendered":"Governo portugu\u00eas n\u00e3o foi recebido em Macau"},"content":{"rendered":"<p>\t                Governantes portugueses presentes em Macau n\u00e3o tiveram lugar &#8220;na agenda&#8221; do chefe do Executivo da Regi\u00e3o<\/p>\n<p style=\"margin-bottom:11px\">Os dois secret\u00e1rios de Estado portugueses que estiveram presentes no encontro anual da Associa\u00e7\u00e3o Portuguesa de Viagens e Turismo, que hoje terminou em Macau, n\u00e3o tiveram nenhum encontro formal com o chefe do Executivo da Regi\u00e3o. O facto \u00e9 tido como estranho porque Sam Hou Fai, que lidera o Governo desde 2024, &#8220;n\u00e3o teve agenda&#8221; para receber Pedro Machado e Hugo dos Santos, os secret\u00e1rios de Estado do Turismo e das Infraestruturas.<\/p>\n<p>As rela\u00e7\u00f5es de Portugal com a China s\u00e3o consideradas boas ou at\u00e9 muito boas, ap\u00f3s a recente visita do primeiro-ministro, Lu\u00eds Montenegro, mas um recente movimento de embaixadores, que colocou\u00a0 Manuel Cansado Carvalho como o n\u00famero 1 da diplomacia portuguesa em Pequim, n\u00e3o ter\u00e1 sido bem visto pelas autoridades chinesas.<\/p>\n<p>O que est\u00e1 em causa n\u00e3o \u00e9 exatamente a escolha do novo representante, mas o facto de o anterior &#8211; o embaixador Paulo Jorge Nascimento -, ter sido transferido para a Eti\u00f3pia, facto considerado por Pequim como uma \u201cfalta de considera\u00e7\u00e3o\u201d. O embaixador que \u201csaia de Pequim ia ser para uma chancelaria de primeira linha\u201d.<\/p>\n<p>O Minist\u00e9rio dos Neg\u00f3cios Estrangeiros n\u00e3o se pronunciou sobre o recente movimento diplom\u00e1tico, considerado \u201cnormal\u201d no Pal\u00e1cio das Necessidades, mas as rela\u00e7\u00f5es Portugal\/China, numa altura complexa do xadrez pol\u00edtico internacional, com a guerra das tarifas e a interven\u00e7\u00e3o chinesa, mesmo que indireta, no conflito da Ucr\u00e2nia, s\u00e3o especialmente delicadas.<\/p>\n<p>A principal ironia das &#8220;portas fechadas&#8221; de hoje ao governo portugu\u00eas reside na circunst\u00e2ncia de o chefe do Executivo ter encontrado tempo na agenda para um encontro com o agora deputado Jos\u00e9 Ces\u00e1rio, atual presidente da comiss\u00e3o de neg\u00f3cios estrangeiros e ex-secret\u00e1rio de estado das comunidades, que tamb\u00e9m se encontra no territ\u00f3rio.<\/p>\n","protected":false},"excerpt":{"rendered":"Governantes portugueses presentes em Macau n\u00e3o tiveram lugar &#8220;na agenda&#8221; do chefe do Executivo da Regi\u00e3o Os dois&hellip;\n","protected":false},"author":2,"featured_media":175897,"comment_status":"","ping_status":"","sticky":false,"template":"","format":"standard","meta":{"footnotes":""},"categories":[50],"tags":[609,836,611,11276,27,28,358,607,608,333,832,604,135,637,610,476,15,16,301,830,14,36473,603,25,26,570,15366,21,22,831,833,62,834,12,13,19,20,835,602,638,52,32,23,24,17,18,1456,29,30,31,63,64,65],"class_list":{"0":"post-175896","1":"post","2":"type-post","3":"status-publish","4":"format-standard","5":"has-post-thumbnail","7":"category-mundo","8":"tag-alerta","9":"tag-analise","10":"tag-ao-minuto","11":"tag-apavt","12":"tag-breaking-news","13":"tag-breakingnews","14":"tag-china","15":"tag-cnn","16":"tag-cnn-portugal","17":"tag-comentadores","18":"tag-costa","19":"tag-crime","20":"tag-desporto","21":"tag-diplomacia","22":"tag-direto","23":"tag-economia","24":"tag-featured-news","25":"tag-featurednews","26":"tag-governo","27":"tag-guerra","28":"tag-headlines","29":"tag-jose-cesario","30":"tag-justica","31":"tag-latest-news","32":"tag-latestnews","33":"tag-live","34":"tag-macau","35":"tag-main-news","36":"tag-mainnews","37":"tag-mais-vistas","38":"tag-marcelo","39":"tag-mundo","40":"tag-negocios","41":"tag-news","42":"tag-noticias","43":"tag-noticias-principais","44":"tag-noticiasprincipais","45":"tag-opiniao","46":"tag-pais","47":"tag-paulo-rangel","48":"tag-politica","49":"tag-portugal","50":"tag-principais-noticias","51":"tag-principaisnoticias","52":"tag-top-stories","53":"tag-topstories","54":"tag-turismo","55":"tag-ultimas","56":"tag-ultimas-noticias","57":"tag-ultimasnoticias","58":"tag-world","59":"tag-world-news","60":"tag-worldnews"},"share_on_mastodon":{"url":"","error":"Validation failed: Text character limit of 500 exceeded"},"_links":{"self":[{"href":"https:\/\/www.europesays.com\/pt\/wp-json\/wp\/v2\/posts\/175896","targetHints":{"allow":["GET"]}}],"collection":[{"href":"https:\/\/www.europesays.com\/pt\/wp-json\/wp\/v2\/posts"}],"about":[{"href":"https:\/\/www.europesays.com\/pt\/wp-json\/wp\/v2\/types\/post"}],"author":[{"embeddable":true,"href":"https:\/\/www.europesays.com\/pt\/wp-json\/wp\/v2\/users\/2"}],"replies":[{"embeddable":true,"href":"https:\/\/www.europesays.com\/pt\/wp-json\/wp\/v2\/comments?post=175896"}],"version-history":[{"count":0,"href":"https:\/\/www.europesays.com\/pt\/wp-json\/wp\/v2\/posts\/175896\/revisions"}],"wp:featuredmedia":[{"embeddable":true,"href":"https:\/\/www.europesays.com\/pt\/wp-json\/wp\/v2\/media\/175897"}],"wp:attachment":[{"href":"https:\/\/www.europesays.com\/pt\/wp-json\/wp\/v2\/media?parent=175896"}],"wp:term":[{"taxonomy":"category","embeddable":true,"href":"https:\/\/www.europesays.com\/pt\/wp-json\/wp\/v2\/categories?post=175896"},{"taxonomy":"post_tag","embeddable":true,"href":"https:\/\/www.europesays.com\/pt\/wp-json\/wp\/v2\/tags?post=175896"}],"curies":[{"name":"wp","href":"https:\/\/api.w.org\/{rel}","templated":true}]}}