{"id":175911,"date":"2025-12-04T21:16:15","date_gmt":"2025-12-04T21:16:15","guid":{"rendered":"https:\/\/www.europesays.com\/pt\/175911\/"},"modified":"2025-12-04T21:16:15","modified_gmt":"2025-12-04T21:16:15","slug":"homem-morre-em-praia-de-peniche","status":"publish","type":"post","link":"https:\/\/www.europesays.com\/pt\/175911\/","title":{"rendered":"Homem morre em praia de Peniche"},"content":{"rendered":"<p data-remotead-prev-elm=\"true\" data-remotead-elm-id=\"inread\">O alerta foi dado pelas 14.45 horas para o Centro de Coordena\u00e7\u00e3o de Busca e Salvamento Mar\u00edtimo de Lisboa, a informar que &#8220;um homem tinha ca\u00eddo \u00e0 \u00e1gua&#8221;.<\/p>\n<p>Segundo o comunicado, foram de imediato ativados tripulantes da Esta\u00e7\u00e3o Salva-vidas, elementos da Pol\u00edcia Mar\u00edtima e dos Bombeiros Volunt\u00e1rios, de Peniche, e do Instituto Nacional de Emerg\u00eancia M\u00e9dica (INEM).<\/p>\n<p>Enquanto os meios se deslocavam para o local, &#8220;uma pessoa que se encontrava na zona, ap\u00f3s ter visto a v\u00edtima dentro de \u00e1gua, saltou para a resgatar, n\u00e3o a tendo conseguido retirar, acabando por sair pelos pr\u00f3prios meios&#8221;, indicou a Autoridade Mar\u00edtima Nacional.<\/p>\n<p data-remotead-prev-elm=\"true\" data-remotead-elm-id=\"centro1\">O homem, com cerca de 80 anos, foi retirado por um dos elementos da Pol\u00edcia Mar\u00edtima em estado inconsciente e transportado para o areal da praia.<\/p>\n<p>A v\u00edtima foi depois submetida a manobras de reanima\u00e7\u00e3o pelos bombeiros de Peniche e do INEM, &#8220;n\u00e3o tendo sido poss\u00edvel reverter a situa\u00e7\u00e3o&#8221;.<\/p>\n<p>Depois de o m\u00e9dico atestar o \u00f3bito no local, o corpo foi transportado para o Instituto de Medicina Legal de Torres Vedras.<\/p>\n<p data-remotead-prev-elm=\"true\" data-remotead-elm-id=\"centro2\">O Gabinete de Psicologia da Pol\u00edcia Mar\u00edtima foi ativado.<\/p>\n<p>De acordo com fonte do Sub-Comando de Emerg\u00eancia e Prote\u00e7\u00e3o Civil do Oeste, no local estiveram uma embarca\u00e7\u00e3o e ainda 15 operacionais e sete ve\u00edculos, entre eles a Viatura M\u00e9dica de Emerg\u00eancia e Reanima\u00e7\u00e3o de Caldas da Rainha do INEM.<\/p>\n<p>A Pol\u00edcia Mar\u00edtima est\u00e1 a investigar as causas da morte.<\/p>\n","protected":false},"excerpt":{"rendered":"O alerta foi dado pelas 14.45 horas para o Centro de Coordena\u00e7\u00e3o de Busca e Salvamento Mar\u00edtimo de&hellip;\n","protected":false},"author":2,"featured_media":175912,"comment_status":"","ping_status":"","sticky":false,"template":"","format":"standard","meta":{"footnotes":""},"categories":[10],"tags":[27,28,36474,15,16,14,25,26,21,22,1437,12,13,19,20,32,80,23,24,33,17,18,29,30,31],"class_list":{"0":"post-175911","1":"post","2":"type-post","3":"status-publish","4":"format-standard","5":"has-post-thumbnail","7":"category-portugal","8":"tag-breaking-news","9":"tag-breakingnews","10":"tag-concelho-peniche","11":"tag-featured-news","12":"tag-featurednews","13":"tag-headlines","14":"tag-latest-news","15":"tag-latestnews","16":"tag-main-news","17":"tag-mainnews","18":"tag-morte","19":"tag-news","20":"tag-noticias","21":"tag-noticias-principais","22":"tag-noticiasprincipais","23":"tag-portugal","24":"tag-praia","25":"tag-principais-noticias","26":"tag-principaisnoticias","27":"tag-pt","28":"tag-top-stories","29":"tag-topstories","30":"tag-ultimas","31":"tag-ultimas-noticias","32":"tag-ultimasnoticias"},"share_on_mastodon":{"url":"https:\/\/pubeurope.com\/@pt\/115663377826800085","error":""},"_links":{"self":[{"href":"https:\/\/www.europesays.com\/pt\/wp-json\/wp\/v2\/posts\/175911","targetHints":{"allow":["GET"]}}],"collection":[{"href":"https:\/\/www.europesays.com\/pt\/wp-json\/wp\/v2\/posts"}],"about":[{"href":"https:\/\/www.europesays.com\/pt\/wp-json\/wp\/v2\/types\/post"}],"author":[{"embeddable":true,"href":"https:\/\/www.europesays.com\/pt\/wp-json\/wp\/v2\/users\/2"}],"replies":[{"embeddable":true,"href":"https:\/\/www.europesays.com\/pt\/wp-json\/wp\/v2\/comments?post=175911"}],"version-history":[{"count":0,"href":"https:\/\/www.europesays.com\/pt\/wp-json\/wp\/v2\/posts\/175911\/revisions"}],"wp:featuredmedia":[{"embeddable":true,"href":"https:\/\/www.europesays.com\/pt\/wp-json\/wp\/v2\/media\/175912"}],"wp:attachment":[{"href":"https:\/\/www.europesays.com\/pt\/wp-json\/wp\/v2\/media?parent=175911"}],"wp:term":[{"taxonomy":"category","embeddable":true,"href":"https:\/\/www.europesays.com\/pt\/wp-json\/wp\/v2\/categories?post=175911"},{"taxonomy":"post_tag","embeddable":true,"href":"https:\/\/www.europesays.com\/pt\/wp-json\/wp\/v2\/tags?post=175911"}],"curies":[{"name":"wp","href":"https:\/\/api.w.org\/{rel}","templated":true}]}}