{"id":175920,"date":"2025-12-04T21:29:14","date_gmt":"2025-12-04T21:29:14","guid":{"rendered":"https:\/\/www.europesays.com\/pt\/175920\/"},"modified":"2025-12-04T21:29:14","modified_gmt":"2025-12-04T21:29:14","slug":"prefeitura-reforca-importancia-da-prevencao-do-cancer-de-pele","status":"publish","type":"post","link":"https:\/\/www.europesays.com\/pt\/175920\/","title":{"rendered":"Prefeitura refor\u00e7a import\u00e2ncia da preven\u00e7\u00e3o do c\u00e2ncer de pele"},"content":{"rendered":"<p>O c\u00e2ncer de pele \u00e9 o tipo de tumor maligno mais frequente no Brasil, com tr\u00eas em cada dez casos de c\u00e2ncer diagnosticados no pa\u00eds. Apesar da alta incid\u00eancia, a doen\u00e7a tem chances de cura acima de 90% quando descoberta e tratada no in\u00edcio. A Prefeitura de Manaus, por meio da Secretaria Municipal de Sa\u00fade (Semsa), refor\u00e7a a import\u00e2ncia da preven\u00e7\u00e3o e orienta a popula\u00e7\u00e3o sobre fatores de risco, sinais de alerta e atendimento precoce na rede p\u00fablica de sa\u00fade.<\/p>\n<p>A gerente de Condi\u00e7\u00f5es Cr\u00f4nicas da Semsa, Arquicely Azevedo, relata que o c\u00e2ncer de pele n\u00e3o melanoma, tipo mais comum da doen\u00e7a, ocorre com mais frequ\u00eancia entre pessoas acima dos 40 anos e tem como principal fator de risco a exposi\u00e7\u00e3o excessiva e desprotegida \u00e0 radia\u00e7\u00e3o ultravioleta. No Brasil, ela relata, o clima predominantemente tropical, com exposi\u00e7\u00e3o solar durante todo o ano, contribui para o alto n\u00famero de casos.<\/p>\n<p>\u201cMedidas simples, como o uso di\u00e1rio de protetor solar, roupas adequadas e chap\u00e9us, al\u00e9m da redu\u00e7\u00e3o da exposi\u00e7\u00e3o nos hor\u00e1rios de maior intensidade, s\u00e3o fundamentais para a preven\u00e7\u00e3o\u201d, destaca.<\/p>\n<p>Arquicely refor\u00e7a tamb\u00e9m a import\u00e2ncia do autocuidado e da aten\u00e7\u00e3o aos sinais de alerta da doen\u00e7a. Entre eles est\u00e3o manchas ou les\u00f5es que co\u00e7am, descamam ou sangram; pintas que apresentam mudan\u00e7as de tamanho, forma, cor ou textura; al\u00e9m de feridas que n\u00e3o cicatrizam ap\u00f3s cerca de quatro semanas. Essas altera\u00e7\u00f5es costumam surgir em \u00e1reas mais expostas ao sol e evoluem de forma lenta e progressiva.<\/p>\n<p>Ao perceber qualquer sintoma ou sinal suspeito, conforme a gerente, a recomenda\u00e7\u00e3o \u00e9 procurar o mais rapidamente poss\u00edvel a unidade de sa\u00fade mais pr\u00f3xima para avalia\u00e7\u00e3o. \u201cHavendo suspeita cl\u00ednica, o profissional de sa\u00fade far\u00e1 o encaminhamento para atendimento especializado com dermatologista, respons\u00e1vel por confirmar o diagn\u00f3stico, geralmente por meio de bi\u00f3psia\u201d, informa.<\/p>\n<p>Por se manifestar sobretudo em regi\u00f5es vis\u00edveis do corpo e apresentar desenvolvimento gradual, o c\u00e2ncer de pele n\u00e3o melanoma pode ser identificado ainda em fase inicial na maioria dos casos, permitindo tratamentos simples e eficazes, com altas chances de cura.<\/p>\n<p>\u201cA detec\u00e7\u00e3o precoce \u00e9 mais importante ainda no caso do melanoma, forma mais agressiva da doen\u00e7a. Embora seja o mais comum entre os tumores no pa\u00eds, ele representa apenas cerca de 3% dos casos de c\u00e2ncer de pele\u201d, assinala a gerente.<\/p>\n<p><strong>Campanha<\/strong><\/p>\n<p>Como parte das a\u00e7\u00f5es voltadas \u00e0 preven\u00e7\u00e3o e \u00e0 detec\u00e7\u00e3o precoce da doen\u00e7a, a Semsa realiza, ao longo deste m\u00eas, atividades educativas nas unidades da rede municipal, em refer\u00eancia \u00e0 campanha \u201cDezembro Laranja\u201d.<\/p>\n<p>Conforme a chefe do N\u00facleo de Aten\u00e7\u00e3o \u00e0 Sa\u00fade das Pessoas com Doen\u00e7as Respirat\u00f3rias, Obesidade e Neoplasias, Lilian Paula Lima, a mobiliza\u00e7\u00e3o envolve equipes de unidades de sa\u00fade de todo o munic\u00edpio, com o objetivo de ampliar o acesso \u00e0 informa\u00e7\u00e3o entre os usu\u00e1rios da rede p\u00fablica e incentivar h\u00e1bitos de cuidado com a pele.<\/p>\n<p>\u201cAs equipes orientam os usu\u00e1rios sobre os riscos da exposi\u00e7\u00e3o solar sem prote\u00e7\u00e3o e a import\u00e2ncia do uso regular do filtro solar, roupas e chap\u00e9us como medidas preventivas. Refor\u00e7am tamb\u00e9m a necessidade de buscar a unidade b\u00e1sica ao notar qualquer altera\u00e7\u00e3o suspeita na pele\u201d, explica.<\/p>\n<p>Em Manaus, no ano de 2023, conforme dados do Instituto Nacional de C\u00e2ncer (Inca), foram registrados 27 \u00f3bitos por c\u00e2ncer de pele, sendo 21 do tipo n\u00e3o melanoma e seis do melanoma. Os registros fazem parte do total de 2.079 mortes por neoplasias ocorridas na capital no mesmo per\u00edodo, e evidenciam a relev\u00e2ncia de manter a\u00e7\u00f5es permanentes de preven\u00e7\u00e3o, diagn\u00f3stico precoce e conscientiza\u00e7\u00e3o da popula\u00e7\u00e3o.<\/p>\n<p>\u201cEsses dados refor\u00e7am a necessidade de campanhas educativas cont\u00ednuas e do est\u00edmulo \u00e0 ado\u00e7\u00e3o de h\u00e1bitos de prote\u00e7\u00e3o e aten\u00e7\u00e3o aos sinais da doen\u00e7a\u201d, conclui Arquicely Azevedo.<\/p>\n<p><img loading=\"lazy\" decoding=\"async\" width=\"750\" height=\"449\" src=\"https:\/\/www.europesays.com\/pt\/wp-content\/uploads\/2025\/12\/SEMSA-MANAUS-Dezembro-Laranja-4.jpeg\" alt=\"\" class=\"wp-image-281081\"  \/><\/p>\n<p><strong>\u2014 \u2014 \u2014\u00a0<\/strong><\/p>\n<p><strong>Texto \u2013\u00a0<\/strong>Jony Clay Borges\/Semsa<\/p>\n<p><strong>Fotos \u2013\u00a0<\/strong>Divulga\u00e7\u00e3o\/Semsa<\/p>\n","protected":false},"excerpt":{"rendered":"O c\u00e2ncer de pele \u00e9 o tipo de tumor maligno mais frequente no Brasil, com tr\u00eas em cada&hellip;\n","protected":false},"author":2,"featured_media":175921,"comment_status":"","ping_status":"","sticky":false,"template":"","format":"standard","meta":{"footnotes":""},"categories":[86],"tags":[36476,116,32,3243,36477,33,117,3245,36478],"class_list":{"0":"post-175920","1":"post","2":"type-post","3":"status-publish","4":"format-standard","5":"has-post-thumbnail","7":"category-saude","8":"tag-dezembro-laranja","9":"tag-health","10":"tag-portugal","11":"tag-prefeitura-de-manaus","12":"tag-prevencao-do-cancer-de-pele","13":"tag-pt","14":"tag-saude","15":"tag-semsa","16":"tag-sintomas-e-cuidados"},"share_on_mastodon":{"url":"https:\/\/pubeurope.com\/@pt\/115663429687037404","error":""},"_links":{"self":[{"href":"https:\/\/www.europesays.com\/pt\/wp-json\/wp\/v2\/posts\/175920","targetHints":{"allow":["GET"]}}],"collection":[{"href":"https:\/\/www.europesays.com\/pt\/wp-json\/wp\/v2\/posts"}],"about":[{"href":"https:\/\/www.europesays.com\/pt\/wp-json\/wp\/v2\/types\/post"}],"author":[{"embeddable":true,"href":"https:\/\/www.europesays.com\/pt\/wp-json\/wp\/v2\/users\/2"}],"replies":[{"embeddable":true,"href":"https:\/\/www.europesays.com\/pt\/wp-json\/wp\/v2\/comments?post=175920"}],"version-history":[{"count":0,"href":"https:\/\/www.europesays.com\/pt\/wp-json\/wp\/v2\/posts\/175920\/revisions"}],"wp:featuredmedia":[{"embeddable":true,"href":"https:\/\/www.europesays.com\/pt\/wp-json\/wp\/v2\/media\/175921"}],"wp:attachment":[{"href":"https:\/\/www.europesays.com\/pt\/wp-json\/wp\/v2\/media?parent=175920"}],"wp:term":[{"taxonomy":"category","embeddable":true,"href":"https:\/\/www.europesays.com\/pt\/wp-json\/wp\/v2\/categories?post=175920"},{"taxonomy":"post_tag","embeddable":true,"href":"https:\/\/www.europesays.com\/pt\/wp-json\/wp\/v2\/tags?post=175920"}],"curies":[{"name":"wp","href":"https:\/\/api.w.org\/{rel}","templated":true}]}}