{"id":175925,"date":"2025-12-04T21:37:45","date_gmt":"2025-12-04T21:37:45","guid":{"rendered":"https:\/\/www.europesays.com\/pt\/175925\/"},"modified":"2025-12-04T21:37:45","modified_gmt":"2025-12-04T21:37:45","slug":"putin-ameaca-a-europa-com-guerra-se-ela-quiser-reacao-dos-eurodeputados-no-ring","status":"publish","type":"post","link":"https:\/\/www.europesays.com\/pt\/175925\/","title":{"rendered":"Putin amea\u00e7a a Europa com guerra, se ela quiser &#8211; rea\u00e7\u00e3o dos eurodeputados no Ring"},"content":{"rendered":"<p>\n         Publicado a<br \/>\n            04\/12\/2025 &#8211; 14:44 GMT+1\n            <\/p>\n<p>Acima est\u00e1 o quinto epis\u00f3dio do novo programa de debate da Euronews, \u00abThe Ring\u00bb, que pretende levar um pouco do ambiente da sala do Parlamento Europeu para o seu sof\u00e1. <\/p>\n<p>Nesta edi\u00e7\u00e3o, transmitida a partir do Parlamento Europeu em Bruxelas, contamos com a presen\u00e7a da eurodeputada liberal irlandesa Cynthia N\u00ed Mhurch\u00fa (Renew Europe) e do eurodeputado conservador romeno Cristian Terhe\u0219 (ECR). Apesar das suas convic\u00e7\u00f5es pol\u00edticas diametralmente opostas, os dois pol\u00edticos concordaram em grande parte sobre o papel da UE no fim da guerra na Ucr\u00e2nia. <\/p>\n<p>Segundo Cristian Terhe\u0219, a UE precisa de refor\u00e7ar rapidamente as suas capacidades de defesa e preparar-se para a guerra: \u00abSe projetarmos poder, a R\u00fassia n\u00e3o nos vai atacar. A R\u00fassia \u00e9 como um urso. Um urso ataca um animal fraco\u00bb.<\/p>\n<p>Respondendo \u00e0 suposi\u00e7\u00e3o de Terhe\u0219 de que, no que diz respeito a ajudar a Ucr\u00e2nia, \u00abdev\u00edamos ter feito mais e (agido) mais cedo\u00bb, N\u00ed Mhurch\u00fa defendeu os esfor\u00e7os diplom\u00e1ticos da UE, liderados por Kaja Kallas:<\/p>\n<p>\u00abN\u00e3o aceito qualquer cr\u00edtica. Kaja Kallas pode n\u00e3o aparecer nas fotos, mas n\u00e3o dependo disso. Dependo dela e da sua equipa negociarem arduamente, e \u00e9 isso que t\u00eam feito. N\u00e3o se retiraram.\u00bb<\/p>\n<p>\u00abThe Ring\u00bb \u00e9 apresentado por M\u00e9abh Mc Mahon, produzido por Luis Albertos Altarejos, Nikos Michos e Amaia Echevarria, e editado por Zacharia Vigneron.<\/p>\n<p>Entre em contacto connosco enviando um e-mail para thering@euronews.com<\/p>\n","protected":false},"excerpt":{"rendered":"Publicado a 04\/12\/2025 &#8211; 14:44 GMT+1 Acima est\u00e1 o quinto epis\u00f3dio do novo programa de debate da Euronews,&hellip;\n","protected":false},"author":2,"featured_media":175926,"comment_status":"","ping_status":"","sticky":false,"template":"","format":"standard","meta":{"footnotes":""},"categories":[8],"tags":[27,28,92,15,16,889,14,25,26,21,22,12,13,19,20,32,23,24,33,17,18,29,30,31,2415],"class_list":{"0":"post-175925","1":"post","2":"type-post","3":"status-publish","4":"format-standard","5":"has-post-thumbnail","7":"category-principais-noticias","8":"tag-breaking-news","9":"tag-breakingnews","10":"tag-donald-trump","11":"tag-featured-news","12":"tag-featurednews","13":"tag-guerra-na-ucrania","14":"tag-headlines","15":"tag-latest-news","16":"tag-latestnews","17":"tag-main-news","18":"tag-mainnews","19":"tag-news","20":"tag-noticias","21":"tag-noticias-principais","22":"tag-noticiasprincipais","23":"tag-portugal","24":"tag-principais-noticias","25":"tag-principaisnoticias","26":"tag-pt","27":"tag-top-stories","28":"tag-topstories","29":"tag-ultimas","30":"tag-ultimas-noticias","31":"tag-ultimasnoticias","32":"tag-vladimir-putin"},"share_on_mastodon":{"url":"https:\/\/pubeurope.com\/@pt\/115663460580791237","error":""},"_links":{"self":[{"href":"https:\/\/www.europesays.com\/pt\/wp-json\/wp\/v2\/posts\/175925","targetHints":{"allow":["GET"]}}],"collection":[{"href":"https:\/\/www.europesays.com\/pt\/wp-json\/wp\/v2\/posts"}],"about":[{"href":"https:\/\/www.europesays.com\/pt\/wp-json\/wp\/v2\/types\/post"}],"author":[{"embeddable":true,"href":"https:\/\/www.europesays.com\/pt\/wp-json\/wp\/v2\/users\/2"}],"replies":[{"embeddable":true,"href":"https:\/\/www.europesays.com\/pt\/wp-json\/wp\/v2\/comments?post=175925"}],"version-history":[{"count":0,"href":"https:\/\/www.europesays.com\/pt\/wp-json\/wp\/v2\/posts\/175925\/revisions"}],"wp:featuredmedia":[{"embeddable":true,"href":"https:\/\/www.europesays.com\/pt\/wp-json\/wp\/v2\/media\/175926"}],"wp:attachment":[{"href":"https:\/\/www.europesays.com\/pt\/wp-json\/wp\/v2\/media?parent=175925"}],"wp:term":[{"taxonomy":"category","embeddable":true,"href":"https:\/\/www.europesays.com\/pt\/wp-json\/wp\/v2\/categories?post=175925"},{"taxonomy":"post_tag","embeddable":true,"href":"https:\/\/www.europesays.com\/pt\/wp-json\/wp\/v2\/tags?post=175925"}],"curies":[{"name":"wp","href":"https:\/\/api.w.org\/{rel}","templated":true}]}}