{"id":175931,"date":"2025-12-04T21:43:08","date_gmt":"2025-12-04T21:43:08","guid":{"rendered":"https:\/\/www.europesays.com\/pt\/175931\/"},"modified":"2025-12-04T21:43:08","modified_gmt":"2025-12-04T21:43:08","slug":"o-riso-e-a-faca-de-pedro-pinho-e-o-filme-do-ano-para-a-revista-les-inrocks-cinema","status":"publish","type":"post","link":"https:\/\/www.europesays.com\/pt\/175931\/","title":{"rendered":"O Riso e a Faca, de Pedro Pinho, \u00e9 o filme do ano para a revista Les Inrocks | Cinema"},"content":{"rendered":"<p>A revista Les Inrockuptibles, que na altura da estreia de O Riso e a Faca, de Pedro Pinho, o sintetizou como s\u00f3 os franceses sabem sintetizar \u2014 &#8220;un film d&#8217;une intelligence politique folle&#8221; (&#8220;um filme de uma intelig\u00eancia pol\u00edtica doida&#8221;) \u2014, escolheu-o agora como filme do ano. J\u00e1 tinha sido o quinto t\u00edtulo do top de 2025 da tamb\u00e9m francesa Cahiers du Cin\u00e9ma, metido a\u00ed ao barulho com <a href=\"https:\/\/www.publico.pt\/2025\/05\/28\/culturaipsilon\/entrevista\/albert-serra-agarra-toureiro-cornos-entrevista-tardes-solidao-filmes-ano-2134102\" rel=\"nofollow noopener\" target=\"_blank\">Tardes de Solid\u00e3o<\/a>, de Albert Serra (o melhor para os Cahiers&#8230;), <a href=\"https:\/\/www.publico.pt\/2025\/09\/23\/culturaipsilon\/critica\/batalha-atras-batalha-paul-thomas-anderson-imparavel-contagiante-2148048\" rel=\"nofollow noopener\" target=\"_blank\">Batalha Atr\u00e1s de Batalha<\/a>, de Paul Thomas Anderson, ou <a href=\"https:\/\/www.publico.pt\/2025\/10\/31\/culturaipsilon\/reportagem\/pontapes-ditadura-perna-caneluda-recifefantasma-agente-secreto-2151979\" rel=\"nofollow noopener\" target=\"_blank\">O Agente Secreto<\/a>, de Kleber Mendon\u00e7a Filho.<\/p>\n<p>O Riso e a Faca encontra de novo esses t\u00edtulos, e esses perfis de sobredotados (que ser\u00e3o inevitavelmente os filmes de que iremos ouvir falar nos \u00d3scares), na lista da Les Inrocks. Mas supera-os: Tardes de Solid\u00e3o aparece em segundo lugar; seguem-se Sir\u00e2t, em que <a href=\"https:\/\/www.publico.pt\/2025\/07\/25\/culturaipsilon\/reportagem\/oliver-laxe-levanos-fim-mundo-galiza-realizador-sirat-2140287\" rel=\"nofollow noopener\" target=\"_blank\">Oliver Laxe<\/a> nos conduz pelo fim do mundo; <a href=\"https:\/\/www.publico.pt\/2025\/05\/23\/culturaipsilon\/noticia\/joachim-trier-sentimental-value-palma-ouro-2133955\" rel=\"nofollow noopener\" target=\"_blank\">Resurrection<\/a>, de Bi Gan, uma extravag\u00e2ncia aleg\u00f3rica que arrefeceu bastante o seu \u00edmpeto no p\u00f3s-Cannes, <a href=\"https:\/\/www.publico.pt\/2025\/05\/24\/culturaipsilon\/noticia\/palma-ouro-cannes-atribuida-un-simple-accident-jafar-panahi-2134231\" rel=\"nofollow noopener\" target=\"_blank\">de onde saiu com o Pr\u00e9mio Especial do J\u00fari<\/a>; Mar\u00e9s Vivas, de <a href=\"https:\/\/www.publico.pt\/2025\/05\/28\/culturaipsilon\/critica\/mares-vivas-musica-transformacoes-china-2134403\" rel=\"nofollow noopener\" target=\"_blank\">Jia Zhang-ke<\/a>; o brasileiro O Agente Secreto; O Quarto ao Lado, de <a href=\"https:\/\/www.publico.pt\/2024\/11\/29\/culturaipsilon\/noticia\/pedro-almodovar-morte-crianca-nao-alguem-maduro-2113211\" rel=\"nofollow noopener\" target=\"_blank\">Pedro Almod\u00f3var<\/a>; o filme de Paul Thomas Anderson (que est\u00e1 a ganhar <a href=\"https:\/\/www.publico.pt\/2025\/12\/02\/culturaipsilon\/noticia\/new-york-film-critics-circle-batalha-atras-batalha-filme-2025-2156800\" rel=\"nofollow noopener\" target=\"_blank\">os pr\u00e9mios americanos<\/a> e come\u00e7a a perfilar-se para os \u00d3scares); Nouvelle Vague, de Richard Linklater, que chegar\u00e1 a Portugal dentro de semanas; e La Petite Derni\u00e8re, de Hafsia Herzi.<\/p>\n<p>Atr\u00e1s de Pedro Pinho ainda ficaram Jovens M\u00e3es, dos irm\u00e3os Dardenne (estreia-se por c\u00e1 na pr\u00f3xima semana), <a href=\"https:\/\/www.publico.pt\/2025\/04\/17\/culturaipsilon\/noticia\/vermiglio-paraiso-perdeuse-2129710\" rel=\"nofollow noopener\" target=\"_blank\">Vermiglio<\/a>, de Maura Delpero,<a href=\"https:\/\/www.publico.pt\/2025\/10\/01\/culturaipsilon\/critica\/the-smashing-machine-benny-safdie-the-rock-vao-luta-2149134\" rel=\"nofollow noopener\" target=\"_blank\"> The Smashing Machine<\/a>, de Benny Safdie, Mektoub, My Love: Canto Due, o regresso de <a href=\"https:\/\/www.publico.pt\/2025\/11\/14\/culturaipsilon\/cronica\/abdellatif-kechiche-fuga-fim-2154379\" rel=\"nofollow noopener\" target=\"_blank\">Abdellatif Kechiche<\/a>, ou Sentimental Value, de Joachim Trier.<\/p>\n<p>Em Fran\u00e7a, O Riso e a Faca j\u00e1 foi visto por 25 mil espectadores \u2014 n\u00fameros disponibilizados por Uma Pedra no Sapato, empresa de produ\u00e7\u00e3o. Estreou-se em Julho, na primeira semana foi distribu\u00eddo em 66 salas, chegou \u00e0s 243 e ainda est\u00e1 em cartaz.<\/p>\n<p>                &#13;<br \/>\n                    &#13;<br \/>\n                    &#13;<br \/>\n                        Pedro Pinho: \u00e0 frente de Almod\u00f3var, Paul Thomas Anderson ou Kleber Mendon\u00e7a Filho&#13;<br \/>\n                    &#13;<\/p>\n<p>\u200bPor c\u00e1, estreado em final de Outubro em 15 salas, <a href=\"https:\/\/www.publico.pt\/2025\/10\/30\/culturaipsilon\/noticia\/sergio-europeu-tranquilo-diara-africana-inquieta-2152376\" rel=\"nofollow noopener\" target=\"_blank\">este filme imenso sobre pol\u00edtica e sobre desejo<\/a>, com o qual, oito anos depois de <a href=\"https:\/\/www.publico.pt\/2017\/09\/22\/culturaipsilon\/noticia\/um-filme-que-encheu-uma-fabrica-de-gente-1785774\" rel=\"nofollow noopener\" target=\"_blank\">A F\u00e1brica de Nada <\/a>(2017), o realizador voltava a fazer do cepticismo uma aventura de interpela\u00e7\u00e3o, desapareceu dos ecr\u00e3s em apenas tr\u00eas semanas de exibi\u00e7\u00e3o. De nada valeram os acontecimentos programados por produtores e\/ou exibidores, acenando aos audit\u00f3rios com uma vers\u00e3o integral, de mais de cinco horas, para al\u00e9m da vers\u00e3o de tr\u00eas horas e meia.<\/p>\n<p>Foi um dos 1700 espectadores que em Portugal foram ver O Riso e a Faca, de Pedro Pinho? Uma decep\u00e7\u00e3o, para n\u00e3o dizer um desastre, esse n\u00famero. Mas talvez se possa dizer que somos espectadores decepcionantes.<\/p>\n","protected":false},"excerpt":{"rendered":"A revista Les Inrockuptibles, que na altura da estreia de O Riso e a Faca, de Pedro Pinho,&hellip;\n","protected":false},"author":2,"featured_media":175932,"comment_status":"","ping_status":"","sticky":false,"template":"","format":"standard","meta":{"footnotes":""},"categories":[140],"tags":[18513,470,10967,315,1413,114,115,147,148,208,36481,2153,36479,146,2158,596,36480,32,33],"class_list":{"0":"post-175931","1":"post","2":"type-post","3":"status-publish","4":"format-standard","5":"has-post-thumbnail","7":"category-filmes","8":"tag-benny-safdie","9":"tag-cinema","10":"tag-cinema-portugues","11":"tag-cultura","12":"tag-cultura-ipsilon","13":"tag-entertainment","14":"tag-entretenimento","15":"tag-film","16":"tag-filmes","17":"tag-franca","18":"tag-joachim-trier","19":"tag-kleber-mendonca-filho","20":"tag-les-inrockuptibles","21":"tag-movies","22":"tag-o-agente-secreto","23":"tag-paul-thomas-anderson","24":"tag-pedro-pinho","25":"tag-portugal","26":"tag-pt"},"share_on_mastodon":{"url":"https:\/\/pubeurope.com\/@pt\/115663484180093331","error":""},"_links":{"self":[{"href":"https:\/\/www.europesays.com\/pt\/wp-json\/wp\/v2\/posts\/175931","targetHints":{"allow":["GET"]}}],"collection":[{"href":"https:\/\/www.europesays.com\/pt\/wp-json\/wp\/v2\/posts"}],"about":[{"href":"https:\/\/www.europesays.com\/pt\/wp-json\/wp\/v2\/types\/post"}],"author":[{"embeddable":true,"href":"https:\/\/www.europesays.com\/pt\/wp-json\/wp\/v2\/users\/2"}],"replies":[{"embeddable":true,"href":"https:\/\/www.europesays.com\/pt\/wp-json\/wp\/v2\/comments?post=175931"}],"version-history":[{"count":0,"href":"https:\/\/www.europesays.com\/pt\/wp-json\/wp\/v2\/posts\/175931\/revisions"}],"wp:featuredmedia":[{"embeddable":true,"href":"https:\/\/www.europesays.com\/pt\/wp-json\/wp\/v2\/media\/175932"}],"wp:attachment":[{"href":"https:\/\/www.europesays.com\/pt\/wp-json\/wp\/v2\/media?parent=175931"}],"wp:term":[{"taxonomy":"category","embeddable":true,"href":"https:\/\/www.europesays.com\/pt\/wp-json\/wp\/v2\/categories?post=175931"},{"taxonomy":"post_tag","embeddable":true,"href":"https:\/\/www.europesays.com\/pt\/wp-json\/wp\/v2\/tags?post=175931"}],"curies":[{"name":"wp","href":"https:\/\/api.w.org\/{rel}","templated":true}]}}