{"id":175953,"date":"2025-12-04T21:59:12","date_gmt":"2025-12-04T21:59:12","guid":{"rendered":"https:\/\/www.europesays.com\/pt\/175953\/"},"modified":"2025-12-04T21:59:12","modified_gmt":"2025-12-04T21:59:12","slug":"comite-de-arboviroses-de-quissama-se-reune-para-planejar-acoes-de-combate-a-dengue-no-verao","status":"publish","type":"post","link":"https:\/\/www.europesays.com\/pt\/175953\/","title":{"rendered":"Comit\u00ea de Arboviroses de Quissam\u00e3 se re\u00fane para planejar a\u00e7\u00f5es de combate \u00e0 dengue no ver\u00e3o"},"content":{"rendered":"<p>O Comit\u00ea de Combate \u00e0s Arboviroses de Quissam\u00e3 se reuniu nesta quinta-feira (4), no Hospital Municipal Mariana Maria de Jesus, com representantes do hospital, da Secretaria Municipal de Sa\u00fade, do Laborat\u00f3rio Municipal, da Aten\u00e7\u00e3o Prim\u00e1ria, da Vigil\u00e2ncia Ambiental e da Farm\u00e1cia. O objetivo foi planejar a\u00e7\u00f5es de enfrentamento \u00e0s arboviroses nos meses de ver\u00e3o, per\u00edodo em que os casos de dengue costumam aumentar na regi\u00e3o.<\/p>\n<p>De janeiro a novembro de 2025, a rede municipal registrou nove casos confirmados de dengue, refor\u00e7ando a necessidade de organiza\u00e7\u00e3o antecipada e integra\u00e7\u00e3o entre todos os setores de sa\u00fade.<\/p>\n<p>Durante o encontro, as equipes avaliaram as a\u00e7\u00f5es j\u00e1 em andamento, como a vacina\u00e7\u00e3o contra a dengue para adolescentes de 10 a 14 anos, dispon\u00edvel nas Unidades de Sa\u00fade da Fam\u00edlia. Tamb\u00e9m foram discutidas medidas de preven\u00e7\u00e3o e controle do mosquito\u00a0Aedes aegypti, com destaque para a import\u00e2ncia da participa\u00e7\u00e3o da popula\u00e7\u00e3o no apoio aos agentes de sa\u00fade e de endemias.<\/p>\n<p>A subsecret\u00e1ria de Sa\u00fade, Milena Viana, refor\u00e7ou:<\/p>\n<p>\u201cO engajamento da popula\u00e7\u00e3o \u00e9 fundamental para o controle da dengue. \u00c9 importante que todos fa\u00e7am a sua parte, evitando focos de \u00e1gua parada e mantendo contato com os agentes de sa\u00fade sempre que necess\u00e1rio. A preven\u00e7\u00e3o come\u00e7a em casa\u201d,\u00a0disse.<\/p>\n<p>O diretor cl\u00ednico do Hospital Municipal, Dr. Marcus Vinicius Miranda, destacou o trabalho integrado:<\/p>\n<p>\u201cEstamos refor\u00e7ando a articula\u00e7\u00e3o entre hospital, unidades de sa\u00fade e laborat\u00f3rio para garantir que qualquer caso suspeito seja identificado rapidamente e que as medidas de controle sejam eficientes. A uni\u00e3o de todos os setores da sa\u00fade \u00e9 essencial para proteger nossa popula\u00e7\u00e3o durante o ver\u00e3o\u201d,\u00a0concluiu.<\/p>\n<p>O Comit\u00ea refor\u00e7ou que a a\u00e7\u00e3o conjunta entre os diferentes servi\u00e7os de sa\u00fade \u00e9 essencial para evitar a dissemina\u00e7\u00e3o da dengue e de outras arboviroses, garantindo atendimento \u00e1gil e prote\u00e7\u00e3o \u00e0 popula\u00e7\u00e3o no per\u00edodo de maior risco.<\/p>\n","protected":false},"excerpt":{"rendered":"O Comit\u00ea de Combate \u00e0s Arboviroses de Quissam\u00e3 se reuniu nesta quinta-feira (4), no Hospital Municipal Mariana Maria&hellip;\n","protected":false},"author":2,"featured_media":175954,"comment_status":"","ping_status":"","sticky":false,"template":"","format":"standard","meta":{"footnotes":""},"categories":[86],"tags":[116,32,33,117],"class_list":{"0":"post-175953","1":"post","2":"type-post","3":"status-publish","4":"format-standard","5":"has-post-thumbnail","7":"category-saude","8":"tag-health","9":"tag-portugal","10":"tag-pt","11":"tag-saude"},"share_on_mastodon":{"url":"https:\/\/pubeurope.com\/@pt\/115663547273056421","error":""},"_links":{"self":[{"href":"https:\/\/www.europesays.com\/pt\/wp-json\/wp\/v2\/posts\/175953","targetHints":{"allow":["GET"]}}],"collection":[{"href":"https:\/\/www.europesays.com\/pt\/wp-json\/wp\/v2\/posts"}],"about":[{"href":"https:\/\/www.europesays.com\/pt\/wp-json\/wp\/v2\/types\/post"}],"author":[{"embeddable":true,"href":"https:\/\/www.europesays.com\/pt\/wp-json\/wp\/v2\/users\/2"}],"replies":[{"embeddable":true,"href":"https:\/\/www.europesays.com\/pt\/wp-json\/wp\/v2\/comments?post=175953"}],"version-history":[{"count":0,"href":"https:\/\/www.europesays.com\/pt\/wp-json\/wp\/v2\/posts\/175953\/revisions"}],"wp:featuredmedia":[{"embeddable":true,"href":"https:\/\/www.europesays.com\/pt\/wp-json\/wp\/v2\/media\/175954"}],"wp:attachment":[{"href":"https:\/\/www.europesays.com\/pt\/wp-json\/wp\/v2\/media?parent=175953"}],"wp:term":[{"taxonomy":"category","embeddable":true,"href":"https:\/\/www.europesays.com\/pt\/wp-json\/wp\/v2\/categories?post=175953"},{"taxonomy":"post_tag","embeddable":true,"href":"https:\/\/www.europesays.com\/pt\/wp-json\/wp\/v2\/tags?post=175953"}],"curies":[{"name":"wp","href":"https:\/\/api.w.org\/{rel}","templated":true}]}}