{"id":17597,"date":"2025-08-05T21:05:03","date_gmt":"2025-08-05T21:05:03","guid":{"rendered":"https:\/\/www.europesays.com\/pt\/17597\/"},"modified":"2025-08-05T21:05:03","modified_gmt":"2025-08-05T21:05:03","slug":"rihanna-lembrara-que-e-cantora-em-shows-reagendados-em-londres-em-2026-diz-site","status":"publish","type":"post","link":"https:\/\/www.europesays.com\/pt\/17597\/","title":{"rendered":"Rihanna lembrar\u00e1 que \u00e9 cantora em shows reagendados em Londres em 2026, diz site"},"content":{"rendered":"<p>Os supostos shows de <a href=\"https:\/\/papelpop.com\/tudo-sobre\/rihanna\" rel=\"nofollow noopener\" target=\"_blank\">Rihanna<\/a> em Londres, que seriam realizados neste ano, foram remarcados para 2026. Quem afirma isso \u00e9 uma fonte do jornal The Sun.<\/p>\n<p>De acordo com as datas, as apresenta\u00e7\u00f5es coincidir\u00e3o com o d\u00e9cimo anivers\u00e1rio de \u201cAnti\u201d, oitavo e mais recente \u00e1lbum de est\u00fadio da cantora, lan\u00e7ado em 2016.<\/p>\n<p>Os rumores sobre seu retorno aos palcos surgiram em fevereiro, quando o The Telegraph noticiou que a diva de Barbados estaria planejando uma resid\u00eancia de seis noites no London Stadium, que tem capacidade para quase 70 mil pessoas.<\/p>\n<p>A primeira apresenta\u00e7\u00e3o teria data marcada para 4 de julho, cinco dias ap\u00f3s o encerramento do festival Glastonbury, o que gerou especula\u00e7\u00f5es de que ela poderia ser a headliner do evento.<\/p>\n<p>Fontes revelaram que os shows estavam em est\u00e1gio avan\u00e7ado de planejamento. No entanto, nenhuma confirma\u00e7\u00e3o oficial foi divulgada, e a cantora tamb\u00e9m n\u00e3o se apresentou no Glastonbury.<\/p>\n<p>Agora, de acordo com o The Sun, uma fonte pr\u00f3xima assegura que Rihanna e sua equipe est\u00e3o \u201cconfiantes de que poder\u00e3o concretizar os planos no pr\u00f3ximo ano\u201d.<\/p>\n<p>Neste ano, Bad Gal RiRi anunciou sua terceira gravidez. Ela j\u00e1 \u00e9 m\u00e3e da dupla RZA e Riot. Todos s\u00e3o frutos do relacionamento dela com o rapper <a href=\"https:\/\/papelpop.com\/tudo-sobre\/asap-rocky\" rel=\"nofollow noopener\" target=\"_blank\">A$AP Rocky<\/a>.<\/p>\n<p>Em entrevista no MET Gala, afirmou que a gesta\u00e7\u00e3o n\u00e3o seria um empecilho para voltar aos palcos. Al\u00e9m disso, em fevereiro, durante conversa com a revista Harper\u2019s Bazaar, revelou ter finalmente encontrado o som que vinha buscando em est\u00fadio e que est\u00e1 trabalhando em um novo projeto.<\/p>\n<p>Ser\u00e1 que, desta vez, vem a\u00ed?<\/p>\n","protected":false},"excerpt":{"rendered":"Os supostos shows de Rihanna em Londres, que seriam realizados neste ano, foram remarcados para 2026. Quem afirma&hellip;\n","protected":false},"author":2,"featured_media":17598,"comment_status":"","ping_status":"","sticky":false,"template":"","format":"standard","meta":{"footnotes":""},"categories":[141],"tags":[114,115,149,150,32,33],"class_list":{"0":"post-17597","1":"post","2":"type-post","3":"status-publish","4":"format-standard","5":"has-post-thumbnail","7":"category-musica","8":"tag-entertainment","9":"tag-entretenimento","10":"tag-music","11":"tag-musica","12":"tag-portugal","13":"tag-pt"},"share_on_mastodon":{"url":"","error":""},"_links":{"self":[{"href":"https:\/\/www.europesays.com\/pt\/wp-json\/wp\/v2\/posts\/17597","targetHints":{"allow":["GET"]}}],"collection":[{"href":"https:\/\/www.europesays.com\/pt\/wp-json\/wp\/v2\/posts"}],"about":[{"href":"https:\/\/www.europesays.com\/pt\/wp-json\/wp\/v2\/types\/post"}],"author":[{"embeddable":true,"href":"https:\/\/www.europesays.com\/pt\/wp-json\/wp\/v2\/users\/2"}],"replies":[{"embeddable":true,"href":"https:\/\/www.europesays.com\/pt\/wp-json\/wp\/v2\/comments?post=17597"}],"version-history":[{"count":0,"href":"https:\/\/www.europesays.com\/pt\/wp-json\/wp\/v2\/posts\/17597\/revisions"}],"wp:featuredmedia":[{"embeddable":true,"href":"https:\/\/www.europesays.com\/pt\/wp-json\/wp\/v2\/media\/17598"}],"wp:attachment":[{"href":"https:\/\/www.europesays.com\/pt\/wp-json\/wp\/v2\/media?parent=17597"}],"wp:term":[{"taxonomy":"category","embeddable":true,"href":"https:\/\/www.europesays.com\/pt\/wp-json\/wp\/v2\/categories?post=17597"},{"taxonomy":"post_tag","embeddable":true,"href":"https:\/\/www.europesays.com\/pt\/wp-json\/wp\/v2\/tags?post=17597"}],"curies":[{"name":"wp","href":"https:\/\/api.w.org\/{rel}","templated":true}]}}