{"id":175983,"date":"2025-12-04T22:31:13","date_gmt":"2025-12-04T22:31:13","guid":{"rendered":"https:\/\/www.europesays.com\/pt\/175983\/"},"modified":"2025-12-04T22:31:13","modified_gmt":"2025-12-04T22:31:13","slug":"vitoria-de-guimaraes-gela-o-dragao","status":"publish","type":"post","link":"https:\/\/www.europesays.com\/pt\/175983\/","title":{"rendered":"Vit\u00f3ria de Guimar\u00e3es gela o Drag\u00e3o"},"content":{"rendered":"<p itemprop=\"description\" class=\"article-lead\">\n      O Vit\u00f3ria de Guimar\u00e3es garantiu esta quinta-feira presen\u00e7a na &#8216;final four&#8217; da Ta\u00e7a de Liga de futebol, ao vencer na visita ao FC Porto por 3-1, no \u00faltimo jogo dos quartos de final, no qual esteve em desvantagem.&#13;<br \/>\n&#13;<\/p>\n<p>      <img loading=\"lazy\" decoding=\"async\" itemprop=\"url\" alt=\"\" class=\"img-fluid\"  src=\"https:\/\/www.europesays.com\/pt\/wp-content\/uploads\/2025\/12\/f0a451c131cfa010c7026d869fee5ed7\" \/><\/p>\n<p>              Jos\u00e9 Coelho &#8211; Lusa&#13;<\/p>\n<p itemprop=\"text\" class=\"article-body\">\n      No Est\u00e1dio do Drag\u00e3o, no Porto, os &#8216;azuis e brancos&#8217; colocaram-se em vantagem aos oito minutos, mas ainda antes do intervalo, aos 31, Nelson Oliveira rep\u00f4s a igualdade, na convers\u00e3o de uma grande penalidade.<\/p>\n<p>No segundo tempo, Samu deu vantagem aos vimaranenses, aos 53, e oito minutos depois viu ser-lhe anulado um golo por fora de jogo, tendo Camara estabelecido o resultado final, de pen\u00e1lti, aos 79.<\/p>\n<p>Na meia-final da &#8216;final four&#8217;, o Vit\u00f3ria de Guimar\u00e3es vai defrontar o Sporting, enquanto o outro finalista da competi\u00e7\u00e3o sair\u00e1 do embate entre o Benfica, detentor do trof\u00e9u, e o Sporting de Braga.<\/p>\n<p>A Ta\u00e7a da Liga cumpre esta \u00e9poca a 19.\u00aa edi\u00e7\u00e3o, estando os primeiros jogos da &#8216;final four&#8217; marcados para 06 e 07 de janeiro e a final em 10, com todos a decorrerem no Est\u00e1dio Dr. Magalh\u00e3es Pessoa, em Leiria.&#13;\n    <\/p>\n","protected":false},"excerpt":{"rendered":"O Vit\u00f3ria de Guimar\u00e3es garantiu esta quinta-feira presen\u00e7a na &#8216;final four&#8217; da Ta\u00e7a de Liga de futebol, ao&hellip;\n","protected":false},"author":2,"featured_media":175984,"comment_status":"","ping_status":"","sticky":false,"template":"","format":"standard","meta":{"footnotes":""},"categories":[87],"tags":[135,13,32,33,420,421,134],"class_list":{"0":"post-175983","1":"post","2":"type-post","3":"status-publish","4":"format-standard","5":"has-post-thumbnail","7":"category-desporto","8":"tag-desporto","9":"tag-noticias","10":"tag-portugal","11":"tag-pt","12":"tag-rtp","13":"tag-rtp-noticias","14":"tag-sports"},"share_on_mastodon":{"url":"https:\/\/pubeurope.com\/@pt\/115663672878784158","error":""},"_links":{"self":[{"href":"https:\/\/www.europesays.com\/pt\/wp-json\/wp\/v2\/posts\/175983","targetHints":{"allow":["GET"]}}],"collection":[{"href":"https:\/\/www.europesays.com\/pt\/wp-json\/wp\/v2\/posts"}],"about":[{"href":"https:\/\/www.europesays.com\/pt\/wp-json\/wp\/v2\/types\/post"}],"author":[{"embeddable":true,"href":"https:\/\/www.europesays.com\/pt\/wp-json\/wp\/v2\/users\/2"}],"replies":[{"embeddable":true,"href":"https:\/\/www.europesays.com\/pt\/wp-json\/wp\/v2\/comments?post=175983"}],"version-history":[{"count":0,"href":"https:\/\/www.europesays.com\/pt\/wp-json\/wp\/v2\/posts\/175983\/revisions"}],"wp:featuredmedia":[{"embeddable":true,"href":"https:\/\/www.europesays.com\/pt\/wp-json\/wp\/v2\/media\/175984"}],"wp:attachment":[{"href":"https:\/\/www.europesays.com\/pt\/wp-json\/wp\/v2\/media?parent=175983"}],"wp:term":[{"taxonomy":"category","embeddable":true,"href":"https:\/\/www.europesays.com\/pt\/wp-json\/wp\/v2\/categories?post=175983"},{"taxonomy":"post_tag","embeddable":true,"href":"https:\/\/www.europesays.com\/pt\/wp-json\/wp\/v2\/tags?post=175983"}],"curies":[{"name":"wp","href":"https:\/\/api.w.org\/{rel}","templated":true}]}}