{"id":175989,"date":"2025-12-04T22:34:09","date_gmt":"2025-12-04T22:34:09","guid":{"rendered":"https:\/\/www.europesays.com\/pt\/175989\/"},"modified":"2025-12-04T22:34:09","modified_gmt":"2025-12-04T22:34:09","slug":"como-a-ia-tem-ajudado-nos-cuidados-com-a-pele","status":"publish","type":"post","link":"https:\/\/www.europesays.com\/pt\/175989\/","title":{"rendered":"Como a IA tem ajudado nos cuidados com a pele"},"content":{"rendered":"<p class=\"my-5 break-words group-[.isActiveSource]:text-xl\">Com o avan\u00e7o da tecnologia, a Intelig\u00eancia Artificial (IA) tamb\u00e9m est\u00e1 trabalhando como aliada em quest\u00f5es dermatol\u00f3gicas e a rotina de cuidados com a pele, tornando os tratamentos cada vez mais precisos, personalizados e acess\u00edveis.<\/p>\n<p class=\"my-5 break-words group-[.isActiveSource]:text-xl\">\u00c0 <strong class=\"group-[.isActiveSource]:text-xl group-[.isActiveSource]:font-bold\">CNN<\/strong>, o dermatologista <strong class=\"group-[.isActiveSource]:text-xl group-[.isActiveSource]:font-bold\">Lucas Miranda<\/strong>, membro da Sociedade Brasileira de Dermatologia, explica que os softwares baseados em IA conseguem avaliar textura, <a href=\"https:\/\/www.cnnbrasil.com.br\/saude\/melasma-saiba-qual-e-a-melhor-rotina-para-clarear-as-manchas\/\" target=\"_blank\" rel=\"noopener noreferrer nofollow\" class=\"text-red-600 underline hover:text-red-500 font-medium break-words group-[.isActiveSource]:text-xl\">manchas<\/a>,<a href=\"https:\/\/www.cnnbrasil.com.br\/saude\/o-que-os-poros-dilatados-tem-a-ver-com-o-envelhecimento-da-pele\/\" target=\"_blank\" rel=\"noopener noreferrer nofollow\" class=\"text-red-600 underline hover:text-red-500 font-medium break-words group-[.isActiveSource]:text-xl\"> poros<\/a> e sinais de envelhecimento, oferecendo uma vis\u00e3o complementar \u00e0 observa\u00e7\u00e3o cl\u00ednica.<\/p>\n<p class=\"my-5 break-words group-[.isActiveSource]:text-xl\">&#8220;Embora n\u00e3o substituam o racioc\u00ednio m\u00e9dico, esses recursos otimizam o rastreamento e podem facilitar a orienta\u00e7\u00e3o inicial do paciente&#8221;, garante.<\/p>\n<p class=\"my-5 break-words group-[.isActiveSource]:text-xl\">\u00a0<\/p>\n<p>\u00c9 confi\u00e1vel criar uma rotina de cuidados com a IA?<\/p>\n<p class=\"my-5 break-words group-[.isActiveSource]:text-xl\">Segundo o profissional, a IA pode gerar rotinas gen\u00e9ricas baseadas em dados fornecidos pelo usu\u00e1rio, como <a href=\"https:\/\/www.cnnbrasil.com.br\/saude\/dr-kalil-saiba-qual-cor-de-pele-tem-mais-ocorrencias-de-cancer\/\" target=\"_blank\" rel=\"noopener noreferrer nofollow\" class=\"text-red-600 underline hover:text-red-500 font-medium break-words group-[.isActiveSource]:text-xl\">tipo de pele<\/a>, idade, e imagens faciais. No entanto, essas combina\u00e7\u00f5es n\u00e3o devem ser interpretadas como uma rotina de cuidados individualizada.<\/p>\n<p class=\"my-5 break-words group-[.isActiveSource]:text-xl\">&#8220;A prescri\u00e7\u00e3o de skincare envolve avalia\u00e7\u00e3o m\u00e9dica detalhada, conhecimento sobre a intera\u00e7\u00e3o entre ativos, diagn\u00f3stico preciso e acompanhamento cl\u00ednico. A IA pode auxiliar como ponto de partida, mas <strong class=\"group-[.isActiveSource]:text-xl group-[.isActiveSource]:font-bold\">n\u00e3o substitui a conduta dermatol\u00f3gica, que continua sendo essencial<\/strong>&#8220;, comenta.<\/p>\n<p class=\"my-5 break-words group-[.isActiveSource]:text-xl\">Por meio de algoritmos de aprendizado profundo, a IA analisa caracter\u00edsticas visuais da pele para sugerir poss\u00edveis classifica\u00e7\u00f5es como acne, melasma, ros\u00e1cea ou sinais de fotoenvelhecimento. Por\u00e9m, esses sistemas dependem da qualidade do banco de dados com o qual foram treinados e n\u00e3o conseguem considerar nuances cl\u00ednicas importantes.<\/p>\n<p class=\"my-5 break-words group-[.isActiveSource]:text-xl\">Tamb\u00e9m \u00e0<strong class=\"group-[.isActiveSource]:text-xl group-[.isActiveSource]:font-bold\"> CNN<\/strong>, a biom\u00e9dica <strong class=\"group-[.isActiveSource]:text-xl group-[.isActiveSource]:font-bold\">Thalita Herek<\/strong>, da MedSystems, refor\u00e7a ser essencial observar alguns outros crit\u00e9rios importantes. Segundo ela, a IA deve utilizar bases cient\u00edficas atualizadas, respeitar limites de atua\u00e7\u00e3o \u2014 sem realizar diagn\u00f3sticos m\u00e9dicos.<\/p>\n<p class=\"my-5 break-words group-[.isActiveSource]:text-xl\">&#8220;O principal risco est\u00e1 em solu\u00e7\u00f5es sem curadoria t\u00e9cnica, j\u00e1 que ferramentas mal treinadas podem recomendar combina\u00e7\u00f5es inadequadas, como o uso simult\u00e2neo de \u00e1cido retin\u00f3ico e \u00e1cido glic\u00f3lico por iniciantes&#8221;, acrescenta.<\/p>\n<p>Como a IA cria essas rotinas?<\/p>\n<p class=\"my-5 break-words group-[.isActiveSource]:text-xl\">Alguns sistemas integram dados adicionais como localiza\u00e7\u00e3o geogr\u00e1fica, clima, polui\u00e7\u00e3o, exposi\u00e7\u00e3o solar, padr\u00e3o de sono e h\u00e1bitos de vida. Com isso, tentam adaptar sugest\u00f5es gerais \u00e0s condi\u00e7\u00f5es ambientais e comportamentais do usu\u00e1rio.<\/p>\n<p class=\"my-5 break-words group-[.isActiveSource]:text-xl\">&#8220;Essas informa\u00e7\u00f5es n\u00e3o substituem a an\u00e1lise cl\u00ednica, pois n\u00e3o consideram aspectos como doen\u00e7as dermatol\u00f3gicas preexistentes, uso de medica\u00e7\u00f5es ou sensibilidades individuais, o que limita sua aplica\u00e7\u00e3o segura sem supervis\u00e3o m\u00e9dica&#8221;, comenta Lucas.<\/p>\n<p class=\"my-5 break-words group-[.isActiveSource]:text-xl\">Tais ferramentas t\u00eam estimulado um comportamento de compra mais direcionado e imediato, com base em an\u00e1lises automatizadas da pele. O consumidor, ao receber sugest\u00f5es de produtos por meio de apps ou dispositivos com IA, tende a buscar solu\u00e7\u00f5es r\u00e1pidas. No entanto, essa abordagem pode levar a escolhas inadequadas ou \u00e0 automedica\u00e7\u00e3o, caso n\u00e3o haja orienta\u00e7\u00e3o profissional.<\/p>\n<p>Os desafios t\u00e9cnicos que a ind\u00fastria enfrenta<\/p>\n<p class=\"my-5 break-words group-[.isActiveSource]:text-xl\">Conforme detalha Lucas, os principais desafios incluem a necessidade de valida\u00e7\u00e3o cient\u00edfica rigorosa dos algoritmos, a representatividade de diferentes fototipos nos bancos de dados, e a garantia de seguran\u00e7a e privacidade dos dados pessoais e sens\u00edveis dos usu\u00e1rios.<\/p>\n<p class=\"my-5 break-words group-[.isActiveSource]:text-xl\">&#8220;Ainda h\u00e1 limita\u00e7\u00f5es na capacidade da IA em interpretar condi\u00e7\u00f5es dermatol\u00f3gicas complexas, o que refor\u00e7a a import\u00e2ncia da integra\u00e7\u00e3o com a pr\u00e1tica m\u00e9dica especializada para garantir resultados seguros e eficazes&#8221;, diz.<\/p>\n<p class=\"my-5 break-words group-[.isActiveSource]:text-xl\">&#8220;Um paciente informado \u00e9 um paciente mais engajado. Quando ele v\u00ea as imagens da pr\u00f3pria pele, entende a import\u00e2ncia de determinados cuidados e tratamentos. Tecnologias de an\u00e1lise facial com intelig\u00eancia artificial aplicada ajudam a gerenciar expectativas, porque permitem mostrar resultados reais ao longo do tempo e como a pele pode reagir. Isso torna a rela\u00e7\u00e3o entre m\u00e9dico e paciente mais transparente e fortalece a ades\u00e3o ao tratamento\u201d, completa a dermatologista <strong class=\"group-[.isActiveSource]:text-xl group-[.isActiveSource]:font-bold\">Camila Salazar <\/strong>\u00e0 <strong class=\"group-[.isActiveSource]:text-xl group-[.isActiveSource]:font-bold\">CNN<\/strong>.<\/p>\n","protected":false},"excerpt":{"rendered":"Com o avan\u00e7o da tecnologia, a Intelig\u00eancia Artificial (IA) tamb\u00e9m est\u00e1 trabalhando como aliada em quest\u00f5es dermatol\u00f3gicas e&hellip;\n","protected":false},"author":2,"featured_media":175990,"comment_status":"","ping_status":"","sticky":false,"template":"","format":"standard","meta":{"footnotes":""},"categories":[84],"tags":[109,107,108,32,33,105,103,104,106,110],"class_list":{"0":"post-175989","1":"post","2":"type-post","3":"status-publish","4":"format-standard","5":"has-post-thumbnail","7":"category-ciencia-e-tecnologia","8":"tag-ciencia","9":"tag-ciencia-e-tecnologia","10":"tag-cienciaetecnologia","11":"tag-portugal","12":"tag-pt","13":"tag-science","14":"tag-science-and-technology","15":"tag-scienceandtechnology","16":"tag-technology","17":"tag-tecnologia"},"share_on_mastodon":{"url":"https:\/\/pubeurope.com\/@pt\/115663684474299805","error":""},"_links":{"self":[{"href":"https:\/\/www.europesays.com\/pt\/wp-json\/wp\/v2\/posts\/175989","targetHints":{"allow":["GET"]}}],"collection":[{"href":"https:\/\/www.europesays.com\/pt\/wp-json\/wp\/v2\/posts"}],"about":[{"href":"https:\/\/www.europesays.com\/pt\/wp-json\/wp\/v2\/types\/post"}],"author":[{"embeddable":true,"href":"https:\/\/www.europesays.com\/pt\/wp-json\/wp\/v2\/users\/2"}],"replies":[{"embeddable":true,"href":"https:\/\/www.europesays.com\/pt\/wp-json\/wp\/v2\/comments?post=175989"}],"version-history":[{"count":0,"href":"https:\/\/www.europesays.com\/pt\/wp-json\/wp\/v2\/posts\/175989\/revisions"}],"wp:featuredmedia":[{"embeddable":true,"href":"https:\/\/www.europesays.com\/pt\/wp-json\/wp\/v2\/media\/175990"}],"wp:attachment":[{"href":"https:\/\/www.europesays.com\/pt\/wp-json\/wp\/v2\/media?parent=175989"}],"wp:term":[{"taxonomy":"category","embeddable":true,"href":"https:\/\/www.europesays.com\/pt\/wp-json\/wp\/v2\/categories?post=175989"},{"taxonomy":"post_tag","embeddable":true,"href":"https:\/\/www.europesays.com\/pt\/wp-json\/wp\/v2\/tags?post=175989"}],"curies":[{"name":"wp","href":"https:\/\/api.w.org\/{rel}","templated":true}]}}