{"id":176026,"date":"2025-12-04T23:13:14","date_gmt":"2025-12-04T23:13:14","guid":{"rendered":"https:\/\/www.europesays.com\/pt\/176026\/"},"modified":"2025-12-04T23:13:14","modified_gmt":"2025-12-04T23:13:14","slug":"dirigentes-de-bombeiros-foram-libertados-e-suspensos-de-funcoes-por-suspeitos-de-peculato","status":"publish","type":"post","link":"https:\/\/www.europesays.com\/pt\/176026\/","title":{"rendered":"Dirigentes de bombeiros foram libertados e suspensos de fun\u00e7\u00f5es por suspeitos de peculato"},"content":{"rendered":"<p data-remotead-prev-elm=\"true\" data-remotead-elm-id=\"inread\">&#8220;Os arguidos foram indiciados de peculato e foi-lhes aplicada a medida de coa\u00e7\u00e3o de suspens\u00e3o das fun\u00e7\u00f5es que desempenham na Associa\u00e7\u00e3o Humanit\u00e1ria dos Bombeiros Volunt\u00e1rios do Beato e Penha de Fran\u00e7a&#8221;, informou fonte da Comarca de Lisboa, ap\u00f3s o interogat\u00f3rios dos detidos.<\/p>\n<blockquote data-type=\"articles\" data-id=\"related-article-18026578\"><p>\n              <strong>Leia tamb\u00e9m <\/strong><br \/>\n              <a href=\"https:\/\/www.jn.pt\/justica\/artigo\/comandante-vice-presidente-e-tesoureira-dos-bombeiros-do-beato-e-penha-de-franca-detidos-pela-pj\/18026578\" rel=\"nofollow noopener\" target=\"_blank\">Comandante, vice-presidente e tesoureira dos Bombeiros do Beato e Penha de Fran\u00e7a detidos pela PJ<\/a>\n            <\/p><\/blockquote>\n<p>Os suspeitos detidos pela Pol\u00edcia Judici\u00e1ria, no \u00e2mbito da opera\u00e7\u00e3o &#8220;Rescaldo&#8221;, s\u00e3o o comandante dos Bombeiros Volunt\u00e1rios do Beato e Penha de Fran\u00e7a e o vice-presidente e a tesoureira da respetiva associa\u00e7\u00e3o humanit\u00e1ria.<\/p>\n<p>Um quarto elemento, bombeiro, foi igualmente constitu\u00eddo arguido.<\/p>\n<p>Anteontem, em comunicado, a PJ disse que estavam todos &#8220;indiciados&#8221; de crimes de peculato, peculato de uso e abuso de poder. Mas, ap\u00f3s os interrogat\u00f3rios dos detidos, a Comarca de Lisboa s\u00f3 se referiu, em nota \u00e0 comunica\u00e7\u00e3o social, ao crime de peculato.<\/p>\n","protected":false},"excerpt":{"rendered":"&#8220;Os arguidos foram indiciados de peculato e foi-lhes aplicada a medida de coa\u00e7\u00e3o de suspens\u00e3o das fun\u00e7\u00f5es que&hellip;\n","protected":false},"author":2,"featured_media":176027,"comment_status":"","ping_status":"","sticky":false,"template":"","format":"standard","meta":{"footnotes":""},"categories":[10],"tags":[627,27,28,15,16,14,603,25,26,21,22,12,13,19,20,33350,32,23,24,33,17,18,29,30,31],"class_list":{"0":"post-176026","1":"post","2":"type-post","3":"status-publish","4":"format-standard","5":"has-post-thumbnail","7":"category-portugal","8":"tag-bombeiros","9":"tag-breaking-news","10":"tag-breakingnews","11":"tag-featured-news","12":"tag-featurednews","13":"tag-headlines","14":"tag-justica","15":"tag-latest-news","16":"tag-latestnews","17":"tag-main-news","18":"tag-mainnews","19":"tag-news","20":"tag-noticias","21":"tag-noticias-principais","22":"tag-noticiasprincipais","23":"tag-peculato","24":"tag-portugal","25":"tag-principais-noticias","26":"tag-principaisnoticias","27":"tag-pt","28":"tag-top-stories","29":"tag-topstories","30":"tag-ultimas","31":"tag-ultimas-noticias","32":"tag-ultimasnoticias"},"share_on_mastodon":{"url":"https:\/\/pubeurope.com\/@pt\/115663838557640198","error":""},"_links":{"self":[{"href":"https:\/\/www.europesays.com\/pt\/wp-json\/wp\/v2\/posts\/176026","targetHints":{"allow":["GET"]}}],"collection":[{"href":"https:\/\/www.europesays.com\/pt\/wp-json\/wp\/v2\/posts"}],"about":[{"href":"https:\/\/www.europesays.com\/pt\/wp-json\/wp\/v2\/types\/post"}],"author":[{"embeddable":true,"href":"https:\/\/www.europesays.com\/pt\/wp-json\/wp\/v2\/users\/2"}],"replies":[{"embeddable":true,"href":"https:\/\/www.europesays.com\/pt\/wp-json\/wp\/v2\/comments?post=176026"}],"version-history":[{"count":0,"href":"https:\/\/www.europesays.com\/pt\/wp-json\/wp\/v2\/posts\/176026\/revisions"}],"wp:featuredmedia":[{"embeddable":true,"href":"https:\/\/www.europesays.com\/pt\/wp-json\/wp\/v2\/media\/176027"}],"wp:attachment":[{"href":"https:\/\/www.europesays.com\/pt\/wp-json\/wp\/v2\/media?parent=176026"}],"wp:term":[{"taxonomy":"category","embeddable":true,"href":"https:\/\/www.europesays.com\/pt\/wp-json\/wp\/v2\/categories?post=176026"},{"taxonomy":"post_tag","embeddable":true,"href":"https:\/\/www.europesays.com\/pt\/wp-json\/wp\/v2\/tags?post=176026"}],"curies":[{"name":"wp","href":"https:\/\/api.w.org\/{rel}","templated":true}]}}