{"id":176036,"date":"2025-12-04T23:21:12","date_gmt":"2025-12-04T23:21:12","guid":{"rendered":"https:\/\/www.europesays.com\/pt\/176036\/"},"modified":"2025-12-04T23:21:12","modified_gmt":"2025-12-04T23:21:12","slug":"vitinha-revela-origem-inesperada-da-sua-celebracao-de-golo","status":"publish","type":"post","link":"https:\/\/www.europesays.com\/pt\/176036\/","title":{"rendered":"Vitinha revela origem (inesperada) da sua celebra\u00e7\u00e3o de golo"},"content":{"rendered":"<p>Vitinha marca golos nesta temporada a um ritmo acima do normal. Leva cinco, tr\u00eas deles numa grande exibi\u00e7\u00e3o diante do Borussia Dortmund, e est\u00e1 j\u00e1 a quatro de igualar o seu melhor registo. Por isso, \u00e9 normal que vejamos mais vezes o m\u00e9dio portugu\u00eas a celebrar.<\/p>\n<p>O jogador do PSG j\u00e1 tem um festejo caracter\u00edstico &#8211; tira a fita que usa no cabelo e roda-a no dedo indicador, num ato que leva os adeptos do PSG \u00e0 loucura.\u00a0Em declara\u00e7\u00f5es aos jornalistas franceses, o m\u00e9dio explicou um pouco da origem deste festejo.\u00a0\u00a0<\/p>\n<p>\u00abN\u00e3o h\u00e1 nada de especial nisso, n\u00e3o h\u00e1 nenhum s\u00edmbolo ou significado.\u00a0Foram apenas os stewards\u00bb, confidenciou o jogador portugu\u00eas de 25 anos aos rep\u00f3rteres.<\/p>\n<p>\u00abUma vez, eles disseram-me que\u00a0tinha de fazer isso [imitando o gesto da comemora\u00e7\u00e3o]. E eu gostei, ent\u00e3o pensei em continuar a fazer isso. Ningu\u00e9m faz isto, ent\u00e3o vou continuar enquanto marcar golos\u00bb, brincou.\u00a0<\/p>\n<p>Vitinha renovou ainda a ambi\u00e7\u00e3o de ser vencedor da Champions nesta temporada, ap\u00f3s o sucesso da \u00e9poca seguinte. Isto, apesar de um in\u00edcio de temporada mais tr\u00e9mulo a n\u00edvel coletivo.<\/p>\n<p>\u00abTivemos um bom in\u00edcio de temporada. \u00c9 claro que estamos em segundo lugar na Liga e n\u00e3o gostamos disso. Queremos estar em primeiro, como sempre, mas v\u00e1rios fatores influenciaram o in\u00edcio da temporada: a prepara\u00e7\u00e3o para a temporada passada, a curta pausa, o cansa\u00e7o, o n\u00famero de les\u00f5es que tivemos e o facto de nunca termos estado com o plantel completo\u00bb, afirmou.\u00a0<\/p>\n","protected":false},"excerpt":{"rendered":"Vitinha marca golos nesta temporada a um ritmo acima do normal. Leva cinco, tr\u00eas deles numa grande exibi\u00e7\u00e3o&hellip;\n","protected":false},"author":2,"featured_media":176037,"comment_status":"","ping_status":"","sticky":false,"template":"","format":"standard","meta":{"footnotes":""},"categories":[87],"tags":[135,208,436,46,8375,32,1758,33,47,134,7331],"class_list":{"0":"post-176036","1":"post","2":"type-post","3":"status-publish","4":"format-standard","5":"has-post-thumbnail","7":"category-desporto","8":"tag-desporto","9":"tag-franca","10":"tag-made-in","11":"tag-maisfutebol","12":"tag-paris-saint-germain","13":"tag-portugal","14":"tag-psg","15":"tag-pt","16":"tag-pura-paixao","17":"tag-sports","18":"tag-vitinha"},"share_on_mastodon":{"url":"https:\/\/pubeurope.com\/@pt\/115663869537264055","error":""},"_links":{"self":[{"href":"https:\/\/www.europesays.com\/pt\/wp-json\/wp\/v2\/posts\/176036","targetHints":{"allow":["GET"]}}],"collection":[{"href":"https:\/\/www.europesays.com\/pt\/wp-json\/wp\/v2\/posts"}],"about":[{"href":"https:\/\/www.europesays.com\/pt\/wp-json\/wp\/v2\/types\/post"}],"author":[{"embeddable":true,"href":"https:\/\/www.europesays.com\/pt\/wp-json\/wp\/v2\/users\/2"}],"replies":[{"embeddable":true,"href":"https:\/\/www.europesays.com\/pt\/wp-json\/wp\/v2\/comments?post=176036"}],"version-history":[{"count":0,"href":"https:\/\/www.europesays.com\/pt\/wp-json\/wp\/v2\/posts\/176036\/revisions"}],"wp:featuredmedia":[{"embeddable":true,"href":"https:\/\/www.europesays.com\/pt\/wp-json\/wp\/v2\/media\/176037"}],"wp:attachment":[{"href":"https:\/\/www.europesays.com\/pt\/wp-json\/wp\/v2\/media?parent=176036"}],"wp:term":[{"taxonomy":"category","embeddable":true,"href":"https:\/\/www.europesays.com\/pt\/wp-json\/wp\/v2\/categories?post=176036"},{"taxonomy":"post_tag","embeddable":true,"href":"https:\/\/www.europesays.com\/pt\/wp-json\/wp\/v2\/tags?post=176036"}],"curies":[{"name":"wp","href":"https:\/\/api.w.org\/{rel}","templated":true}]}}