{"id":176043,"date":"2025-12-04T23:26:10","date_gmt":"2025-12-04T23:26:10","guid":{"rendered":"https:\/\/www.europesays.com\/pt\/176043\/"},"modified":"2025-12-04T23:26:10","modified_gmt":"2025-12-04T23:26:10","slug":"papa-extingue-comissao-de-doacoes-a-santa-se","status":"publish","type":"post","link":"https:\/\/www.europesays.com\/pt\/176043\/","title":{"rendered":"Papa extingue Comiss\u00e3o de doa\u00e7\u00f5es \u00e0 Santa S\u00e9"},"content":{"rendered":"<p>Com um quir\u00f3grafo, fruto de consultas com o Conselho de Economia e outros especialistas, Le\u00e3o XIV extinguiu a Comiss\u00e3o de donationibus pro Sancta Sede, institu\u00edda pelo Papa Francisco em 11 de fevereiro. O Estatuto, aprovado ad experimentum, e todos os atos adotados at\u00e9 ent\u00e3o foram revogados. Os membros cessam suas fun\u00e7\u00f5es e todos os bens pertencentes \u00e0 organiza\u00e7\u00e3o s\u00e3o &#8220;destinados&#8221; \u00e0 Santa S\u00e9.<\/p>\n<p><b>Salvatore Cernuzio \u2013 Cidade do Vaticano<\/b><\/p>\n<p>Menos de dez meses ap\u00f3s sua cria\u00e7\u00e3o, o Papa Le\u00e3o XIV, por meio de um quir\u00f3grafo assinado em 29 de setembro, mas divulgado nesta quinta-feira, 4 de dezembro, extingue a Commissio de donationibus pro Sancta Sede (&#8220;Comiss\u00e3o de doa\u00e7\u00f5es para a Santa S\u00e9&#8221;), \u00f3rg\u00e3o criado para incentivar contribui\u00e7\u00f5es dos fi\u00e9is, das Confer\u00eancias Episcopais e de outros potenciais benfeitores.<\/p>\n<p>O Papa Francisco havia institu\u00eddo a Comiss\u00e3o, tamb\u00e9m por meio de um quir\u00f3grafo, assinado em 11 de fevereiro de 2025. A not\u00edcia de sua cria\u00e7\u00e3o havia sido divulgada no dia 26 do mesmo m\u00eas, durante os dias em que o Pont\u00edfice esteve hospitalizado no Hospital Gemelli.<\/p>\n<p><a href=\"https:\/\/press.vatican.va\/content\/salastampa\/it\/bollettino\/pubblico\/2025\/12\/04\/0951\/01728.html\" rel=\"external nofollow noopener\" target=\"_blank\">LEIA O TEXTO COMPLETO DO QUIROGRAFIA DO PAPA LE\u00c3O XIV AQUI<\/a><\/p>\n<p>Composta por cinco membros, a Commissio era presidida por monsenhor Roberto Campisi, ex-assessor para os Assuntos Gerais da Secretaria de Estado, a quem Le\u00e3o XIV nomeou observador permanente da Santa S\u00e9 junto \u00e0 UNESCO em 27 de setembro, com a fun\u00e7\u00e3o tamb\u00e9m de acompanhar as atividades das Organiza\u00e7\u00f5es Cat\u00f3licas Internacionais.<\/p>\n<p>Ele e os demais membros &#8220;cessam imediatamente suas fun\u00e7\u00f5es&#8221;, afirma o quir\u00f3grafo, que \u00e9 resultado \u2013 l\u00ea-se \u2013 da &#8220;resolu\u00e7\u00e3o&#8221; e das &#8220;recomenda\u00e7\u00f5es&#8221; aprovadas e apresentadas pelo Conselho para a Economia, nos termos do Artigo 207 da <a href=\"https:\/\/www.vatican.va\/content\/francesco\/pt\/apost_constitutions\/documents\/20220319-costituzione-ap-praedicate-evangelium.html\" rel=\"external nofollow noopener\" target=\"_blank\">Constitui\u00e7\u00e3o Apost\u00f3lica Praedicate Evangelium<\/a>, ou seja, o artigo referente \u00e0 prote\u00e7\u00e3o de bens, riscos patrimoniais e recursos humanos e financeiros a serem geridos &#8220;com prud\u00eancia, efici\u00eancia e transpar\u00eancia&#8221;.<\/p>\n<p>A Institui\u00e7\u00e3o do organismo<br \/>\n\u00a0 <\/p>\n<p>A Comiss\u00e3o foi criada com a tarefa espec\u00edfica de &#8220;incentivar as doa\u00e7\u00f5es por meio de campanhas espec\u00edficas&#8221; entre os fi\u00e9is, episcopados e benfeitores, bem como &#8220;angariar fundos de doadores dispostos a contribuir para projetos espec\u00edficos apresentados pelas institui\u00e7\u00f5es da C\u00faria Romana e do Governatorato do Estado da Cidade do Vaticano, sem preju\u00edzo da autonomia e das responsabilidades espec\u00edficas de cada organiza\u00e7\u00e3o, de acordo com a legisla\u00e7\u00e3o vigente&#8221;.<\/p>\n<p>A decis\u00e3o do Papa<br \/>\n\u00a0 <\/p>\n<p>No quir\u00f3grafo do Papa Le\u00e3o XIV, l\u00ea-se: &#8220;A quest\u00e3o das doa\u00e7\u00f5es e d\u00a0fundraising (arrecada\u00e7\u00e3o de fundos) para a Santa S\u00e9 representa um aspecto importante do v\u00ednculo de unidade e caridade entre as Igrejas particulares e a S\u00e9 Apost\u00f3lica, particularmente na perspectiva do exerc\u00edcio efetivo do minist\u00e9rio petrino.&#8221;<\/p>\n<p>&#8220;O Conselho para a Economia, respons\u00e1vel pela supervis\u00e3o das estruturas e atividades administrativas e financeiras da Santa S\u00e9, dedicou especial aten\u00e7\u00e3o ao estudo deste tema, reexaminando-o e consultando especialistas na \u00e1rea&#8221;, afirma o documento. Em seguida, continua: &#8220;Ao avaliar positivamente os primeiros passos dados recentemente, o Conselho formulou algumas recomenda\u00e7\u00f5es com o objetivo de reformular a atual estrutura institucional respons\u00e1vel pela gest\u00e3o desta \u00e1rea.&#8221;<\/p>\n<p>O delegado para os bens \u00e9 o presidente da APSA<br \/>\n\u00a0 <\/p>\n<p>Ap\u00f3s consultar &#8220;pessoas com experi\u00eancia no assunto&#8221;, o Papa Le\u00e3o XIII decide assim revogar o Estatuto da Commissio de donationibus pro Sancta Sede. O Estatuto revoga tamb\u00e9m &#8220;todos os atos adotados at\u00e9 o momento e os Regulamentos eventualmente elaborados pela Commissio&#8221;, que &#8220;deixar\u00e3o, portanto, de ter qualquer for\u00e7a can\u00f4nica ou jur\u00eddica&#8221;. Al\u00e9m disso, o quir\u00f3grafo estabelece que &#8220;todos os bens atualmente pertencentes \u00e0 Commissio devem ser destinados \u00e0 Santa S\u00e9&#8221;.<\/p>\n<p>Delegado \u00e9 o presidente da Administra\u00e7\u00e3o do Patrim\u00f4nio da S\u00e9 Apost\u00f3lica (APSA), monsenhor Giordano Piccinotti, e tem &#8220;o poder de subdelegar e proceder com a liquida\u00e7\u00e3o da Commissio de acordo com a legisla\u00e7\u00e3o vigente&#8221;.<\/p>\n<p>Grupo de trabalho<br \/>\n\u00a0 <\/p>\n<p>A Secretaria para a Economia, juntamente com um grupo de trabalho por ela designado, ser\u00e1 respons\u00e1vel por &#8220;resolver quaisquer quest\u00f5es que possam permanecer pendentes ap\u00f3s a dissolu\u00e7\u00e3o da Commissio&#8221;. A Secretaria para a Economia &#8220;manter\u00e1 o Conselho para a Economia informado sobre todas as a\u00e7\u00f5es tomadas a esse respeito&#8221;.<\/p>\n<p>Por fim, o Papa anunciou a cria\u00e7\u00e3o de um grupo de trabalho para formular &#8220;propostas sobre a quest\u00e3o geral da arrecada\u00e7\u00e3o de fundos para a Santa S\u00e9, bem como a defini\u00e7\u00e3o de uma estrutura adequada&#8221;. O Conselho para a Economia voltar\u00e1 a propor os nomes dos membros do grupo, que ser\u00e3o submetidos ao Papa por meio da Secretaria de Estado.<\/p>\n","protected":false},"excerpt":{"rendered":"Com um quir\u00f3grafo, fruto de consultas com o Conselho de Economia e outros especialistas, Le\u00e3o XIV extinguiu a&hellip;\n","protected":false},"author":2,"featured_media":176044,"comment_status":"","ping_status":"","sticky":false,"template":"","format":"standard","meta":{"footnotes":""},"categories":[50],"tags":[27,28,15,16,14,25,26,21,22,62,12,13,19,20,811,23,24,4629,27909,17,18,29,30,31,5598,63,64,65],"class_list":{"0":"post-176043","1":"post","2":"type-post","3":"status-publish","4":"format-standard","5":"has-post-thumbnail","7":"category-mundo","8":"tag-breaking-news","9":"tag-breakingnews","10":"tag-featured-news","11":"tag-featurednews","12":"tag-headlines","13":"tag-latest-news","14":"tag-latestnews","15":"tag-main-news","16":"tag-mainnews","17":"tag-mundo","18":"tag-news","19":"tag-noticias","20":"tag-noticias-principais","21":"tag-noticiasprincipais","22":"tag-papa-leao-xiv","23":"tag-principais-noticias","24":"tag-principaisnoticias","25":"tag-santa-se","26":"tag-secretaria-de-estado","27":"tag-top-stories","28":"tag-topstories","29":"tag-ultimas","30":"tag-ultimas-noticias","31":"tag-ultimasnoticias","32":"tag-vaticano","33":"tag-world","34":"tag-world-news","35":"tag-worldnews"},"share_on_mastodon":{"url":"https:\/\/pubeurope.com\/@pt\/115663889028871080","error":""},"_links":{"self":[{"href":"https:\/\/www.europesays.com\/pt\/wp-json\/wp\/v2\/posts\/176043","targetHints":{"allow":["GET"]}}],"collection":[{"href":"https:\/\/www.europesays.com\/pt\/wp-json\/wp\/v2\/posts"}],"about":[{"href":"https:\/\/www.europesays.com\/pt\/wp-json\/wp\/v2\/types\/post"}],"author":[{"embeddable":true,"href":"https:\/\/www.europesays.com\/pt\/wp-json\/wp\/v2\/users\/2"}],"replies":[{"embeddable":true,"href":"https:\/\/www.europesays.com\/pt\/wp-json\/wp\/v2\/comments?post=176043"}],"version-history":[{"count":0,"href":"https:\/\/www.europesays.com\/pt\/wp-json\/wp\/v2\/posts\/176043\/revisions"}],"wp:featuredmedia":[{"embeddable":true,"href":"https:\/\/www.europesays.com\/pt\/wp-json\/wp\/v2\/media\/176044"}],"wp:attachment":[{"href":"https:\/\/www.europesays.com\/pt\/wp-json\/wp\/v2\/media?parent=176043"}],"wp:term":[{"taxonomy":"category","embeddable":true,"href":"https:\/\/www.europesays.com\/pt\/wp-json\/wp\/v2\/categories?post=176043"},{"taxonomy":"post_tag","embeddable":true,"href":"https:\/\/www.europesays.com\/pt\/wp-json\/wp\/v2\/tags?post=176043"}],"curies":[{"name":"wp","href":"https:\/\/api.w.org\/{rel}","templated":true}]}}