{"id":176049,"date":"2025-12-04T23:36:12","date_gmt":"2025-12-04T23:36:12","guid":{"rendered":"https:\/\/www.europesays.com\/pt\/176049\/"},"modified":"2025-12-04T23:36:12","modified_gmt":"2025-12-04T23:36:12","slug":"pedro-e-leandro-em-furia-apos-discussao-de-marisa-e-bruna-so-me-apetecia-mandar-lhe-secret-story","status":"publish","type":"post","link":"https:\/\/www.europesays.com\/pt\/176049\/","title":{"rendered":"Pedro e Leandro em f\u00faria ap\u00f3s discuss\u00e3o de Marisa e Bruna: \u00abS\u00f3 me apetecia mandar-lhe&#8230;\u00bb &#8211; Secret Story"},"content":{"rendered":"<p>Ap\u00f3s o Especial do Secret Story 9, Marisa mostra-se bastante fragilizada com as palavras de Bruna e a forma como a exp\u00f4s. Pedro tamb\u00e9m n\u00e3o esconde a revolta e, juntamente com Leandro, condena a atitude de Bruna. Ao mesmo tempo, no jardim, In\u00eas apoia Bruna que acaba por se emocionar e desabafar que, apesar de mostrar uma postura forte, n\u00e3o quer dizer que n\u00e3o sinta as coisas e lhe possam dizer tudo. Veja tudo.\u00a0<\/p>\n<p><strong>Esta semana, quatro concorrentes est\u00e3o nomeados e em risco de expuls\u00e3o. Pode votar na APP oficial do TVI reality ou atrav\u00e9s das linhas telef\u00f3nicas.<\/strong><\/p>\n<p>VOTE PARA SALVAR:<\/p>\n<p>BRUNA \u00a0\u2013 \u00a0761 20 20 03<br \/>LILIANA \u00a0\u2013 \u00a0761 20 20 14<br \/>MARISA \u00a0\u2013 \u00a0761 20 20 16<br \/>PEDRO \u00a0\u2013 \u00a0761 20 20 18<\/p>\n<p><a href=\"https:\/\/tvi.iol.pt\/secretstory\/aominuto\" rel=\"nofollow noopener\" target=\"_blank\">Acompanhe aqui tudo o que se passa no Secret Story 9\u00a0<\/a><\/p>\n","protected":false},"excerpt":{"rendered":"Ap\u00f3s o Especial do Secret Story 9, Marisa mostra-se bastante fragilizada com as palavras de Bruna e a&hellip;\n","protected":false},"author":2,"featured_media":176050,"comment_status":"","ping_status":"","sticky":false,"template":"","format":"standard","meta":{"footnotes":""},"categories":[142],"tags":[19374,19373,114,115,12397,19184,14646,19375,32,33,151],"class_list":{"0":"post-176049","1":"post","2":"type-post","3":"status-publish","4":"format-standard","5":"has-post-thumbnail","7":"category-tv","8":"tag-confrontos-concorrentes","9":"tag-discussoes-secret-story","10":"tag-entertainment","11":"tag-entretenimento","12":"tag-leandro","13":"tag-marisa","14":"tag-pedro","15":"tag-polemicas","16":"tag-portugal","17":"tag-pt","18":"tag-tv"},"share_on_mastodon":{"url":"https:\/\/pubeurope.com\/@pt\/115663928474820565","error":""},"_links":{"self":[{"href":"https:\/\/www.europesays.com\/pt\/wp-json\/wp\/v2\/posts\/176049","targetHints":{"allow":["GET"]}}],"collection":[{"href":"https:\/\/www.europesays.com\/pt\/wp-json\/wp\/v2\/posts"}],"about":[{"href":"https:\/\/www.europesays.com\/pt\/wp-json\/wp\/v2\/types\/post"}],"author":[{"embeddable":true,"href":"https:\/\/www.europesays.com\/pt\/wp-json\/wp\/v2\/users\/2"}],"replies":[{"embeddable":true,"href":"https:\/\/www.europesays.com\/pt\/wp-json\/wp\/v2\/comments?post=176049"}],"version-history":[{"count":0,"href":"https:\/\/www.europesays.com\/pt\/wp-json\/wp\/v2\/posts\/176049\/revisions"}],"wp:featuredmedia":[{"embeddable":true,"href":"https:\/\/www.europesays.com\/pt\/wp-json\/wp\/v2\/media\/176050"}],"wp:attachment":[{"href":"https:\/\/www.europesays.com\/pt\/wp-json\/wp\/v2\/media?parent=176049"}],"wp:term":[{"taxonomy":"category","embeddable":true,"href":"https:\/\/www.europesays.com\/pt\/wp-json\/wp\/v2\/categories?post=176049"},{"taxonomy":"post_tag","embeddable":true,"href":"https:\/\/www.europesays.com\/pt\/wp-json\/wp\/v2\/tags?post=176049"}],"curies":[{"name":"wp","href":"https:\/\/api.w.org\/{rel}","templated":true}]}}