{"id":176051,"date":"2025-12-04T23:37:09","date_gmt":"2025-12-04T23:37:09","guid":{"rendered":"https:\/\/www.europesays.com\/pt\/176051\/"},"modified":"2025-12-04T23:37:09","modified_gmt":"2025-12-04T23:37:09","slug":"megadeth-anuncia-documentario-com-exibicao-nos-cinemas-de-35-paises","status":"publish","type":"post","link":"https:\/\/www.europesays.com\/pt\/176051\/","title":{"rendered":"Megadeth anuncia document\u00e1rio com exibi\u00e7\u00e3o nos cinemas de 35 pa\u00edses"},"content":{"rendered":"\n<p>Como parte de sua despedida, o <strong><a href=\"https:\/\/igormiranda.com.br\/tag\/megadeth\/\" target=\"_blank\" rel=\"noreferrer noopener nofollow\">Megadeth<\/a><\/strong> ter\u00e1 um filme\/evento em cinemas, que ser\u00e1 exibido em mais de mil salas em 35 pa\u00edses. As sess\u00f5es, que ocorrem em 22 de janeiro, tamb\u00e9m v\u00e3o contar com uma audi\u00e7\u00e3o antecipada do novo \u2014 e derradeiro \u2014 \u00e1lbum da banda, hom\u00f4nimo, que chega no dia seguinte, 23 de janeiro.<\/p>\n<p>Produzido em parceria com a Trafalgar Releasing, o longa-metragem vem com o t\u00edtulo de <strong>\u201cMegadeth: Behind The Mask\u201d<\/strong>. Sobre o evento, que mistura exibi\u00e7\u00e3o de uma entrevista e audi\u00e7\u00e3o do disco, o vocalista e guitarrista <strong>Dave Mustaine<\/strong> \u2014 que comentar\u00e1 o material faixa a faixa \u2014 declarou em nota:<\/p>\n<p>&#8211; Advertisement &#8211;<\/p>\n<p>\u201cEsse evento de audi\u00e7\u00e3o vai ser incr\u00edvel. Mal posso esperar para compartilhar isso com milhares de meus amigos mais pr\u00f3ximos pelo mundo. Tenho tanta gratid\u00e3o por todo mundo que ajudou a dar vida a esse filme, especialmente a voc\u00eas, os f\u00e3s! Agora vamos incendiar isso\u2026 e passa a pipoca!\u201d<\/p>\n<p>Os ingressos estar\u00e3o a venda a partir da pr\u00f3xima quinta-feira, 11 de dezembro. Mais informa\u00e7\u00f5es podem ser conferidas no site <a href=\"https:\/\/megadethfilm.com\/\" rel=\"nofollow noopener\" target=\"_blank\">megadethfilm.com<\/a>.<\/p>\n<p> Megadeth e a turn\u00ea de despedida <\/p>\n<p>O\u00a0Megadeth\u00a0est\u00e1 prestes a come\u00e7ar sua turn\u00ea de despedida, intitulada\u00a0\u201cThis Was Our Life\u201d. Ainda assim, a banda n\u00e3o est\u00e1 com tanta pressa para dizer adeus aos palcos, segundo o pr\u00f3prio\u00a0Dave Mustaine.<\/p>\n<p>Em entrevista \u00e0\u00a0<a href=\"https:\/\/www.kerrang.com\/megadeth-dave-mustaine-farewell-interview-thrash-metal-cover-story\" target=\"_blank\" rel=\"noreferrer noopener nofollow\">Kerrang!<\/a>, o frontman do grupo falou sobre a dura\u00e7\u00e3o pretendida para o giro. De acordo com o m\u00fasico, a excurs\u00e3o vai durar bastante, a ponto de provavelmente abra\u00e7ar uma data que o frontman n\u00e3o quer ver chegar: seu anivers\u00e1rio de 70 anos, em 2031.<\/p>\n<p>Ele disse:<\/p>\n<p>\u201cEstamos falando sobre facilmente estar em turn\u00ea por mais tr\u00eas a cinco anos. E se vamos fazer isso por tanto tempo, ent\u00e3o, m#rda, vou estar olhando para um anivers\u00e1rio que nem quero pensar a respeito.\u201d<\/p>\n<p>A \u201cThis Was Our Life\u201d passar\u00e1 pelo Brasil, com show \u00fanico no Espa\u00e7o Unimed, em S\u00e3o Paulo, no dia 2 de maio de 2026. Os ingressos come\u00e7aram a ser vendidos no \u00faltimo dia 5 de novembro \u2014 e j\u00e1 est\u00e3o esgotados.<\/p>\n<p><strong>Clique<\/strong> para seguir IgorMiranda.com.br no: <a href=\"https:\/\/instagram.com\/igormirandasite\" target=\"_blank\" rel=\"noreferrer noopener nofollow\">Instagram<\/a> | <a href=\"https:\/\/bsky.app\/profile\/igormirandasite.bsky.social\" target=\"_blank\" rel=\"noreferrer noopener nofollow\">Bluesky<\/a> | <a href=\"https:\/\/twitter.com\/igormirandasite\" target=\"_blank\" rel=\"noreferrer noopener nofollow\">Twitter<\/a> | <a href=\"https:\/\/tiktok.com\/@igormirandasite\" target=\"_blank\" rel=\"noreferrer noopener nofollow\">TikTok<\/a> | <a href=\"https:\/\/facebook.com\/igormirandasite\" target=\"_blank\" rel=\"noreferrer noopener nofollow\">Facebook<\/a> | <a href=\"https:\/\/www.youtube.com\/igormirandasite\" target=\"_blank\" rel=\"noreferrer noopener nofollow\">YouTube<\/a> | <a href=\"https:\/\/www.threads.net\/@igormirandasite\" target=\"_blank\" rel=\"noreferrer noopener nofollow\">Threads<\/a>.<\/p>\n<p> <script async src=\"https:\/\/platform.twitter.com\/widgets.js\" charset=\"utf-8\"><\/script><script async src=\"\/\/www.instagram.com\/embed.js\"><\/script><script async src=\"\/\/www.tiktok.com\/embed.js\"><\/script><\/p>\n","protected":false},"excerpt":{"rendered":"Como parte de sua despedida, o Megadeth ter\u00e1 um filme\/evento em cinemas, que ser\u00e1 exibido em mais de&hellip;\n","protected":false},"author":2,"featured_media":133788,"comment_status":"","ping_status":"","sticky":false,"template":"","format":"standard","meta":{"footnotes":""},"categories":[141],"tags":[470,114,115,9818,149,150,32,33],"class_list":{"0":"post-176051","1":"post","2":"type-post","3":"status-publish","4":"format-standard","5":"has-post-thumbnail","7":"category-musica","8":"tag-cinema","9":"tag-entertainment","10":"tag-entretenimento","11":"tag-megadeth","12":"tag-music","13":"tag-musica","14":"tag-portugal","15":"tag-pt"},"share_on_mastodon":{"url":"https:\/\/pubeurope.com\/@pt\/115663932191580058","error":""},"_links":{"self":[{"href":"https:\/\/www.europesays.com\/pt\/wp-json\/wp\/v2\/posts\/176051","targetHints":{"allow":["GET"]}}],"collection":[{"href":"https:\/\/www.europesays.com\/pt\/wp-json\/wp\/v2\/posts"}],"about":[{"href":"https:\/\/www.europesays.com\/pt\/wp-json\/wp\/v2\/types\/post"}],"author":[{"embeddable":true,"href":"https:\/\/www.europesays.com\/pt\/wp-json\/wp\/v2\/users\/2"}],"replies":[{"embeddable":true,"href":"https:\/\/www.europesays.com\/pt\/wp-json\/wp\/v2\/comments?post=176051"}],"version-history":[{"count":0,"href":"https:\/\/www.europesays.com\/pt\/wp-json\/wp\/v2\/posts\/176051\/revisions"}],"wp:featuredmedia":[{"embeddable":true,"href":"https:\/\/www.europesays.com\/pt\/wp-json\/wp\/v2\/media\/133788"}],"wp:attachment":[{"href":"https:\/\/www.europesays.com\/pt\/wp-json\/wp\/v2\/media?parent=176051"}],"wp:term":[{"taxonomy":"category","embeddable":true,"href":"https:\/\/www.europesays.com\/pt\/wp-json\/wp\/v2\/categories?post=176051"},{"taxonomy":"post_tag","embeddable":true,"href":"https:\/\/www.europesays.com\/pt\/wp-json\/wp\/v2\/tags?post=176051"}],"curies":[{"name":"wp","href":"https:\/\/api.w.org\/{rel}","templated":true}]}}