{"id":176054,"date":"2025-12-04T23:40:33","date_gmt":"2025-12-04T23:40:33","guid":{"rendered":"https:\/\/www.europesays.com\/pt\/176054\/"},"modified":"2025-12-04T23:40:33","modified_gmt":"2025-12-04T23:40:33","slug":"dia-d-de-mobilizacao-contra-a-dengue-e-demais-arboviroses-sera-neste-sabado-06","status":"publish","type":"post","link":"https:\/\/www.europesays.com\/pt\/176054\/","title":{"rendered":"Dia D de mobiliza\u00e7\u00e3o contra a dengue e demais arboviroses ser\u00e1 neste s\u00e1bado (06)"},"content":{"rendered":"<p>Em uma das a\u00e7\u00f5es articuladas pelo Centro Integrado de Comando e Controle das Arboviroses (CICC \u2013 Arbovirose), munic\u00edpios capixabas realizam neste s\u00e1bado (06) o Dia D de Mobiliza\u00e7\u00e3o contra as arboviroses transmitidas pelo\u00a0Aedes aegypti, como dengue, chikungunya e Zika.<\/p>\n<p>A mobiliza\u00e7\u00e3o estadual, que acontece com a\u00e7\u00f5es simult\u00e2neas de norte a sul do Esp\u00edrito Santo, contar\u00e1 com atividades de orienta\u00e7\u00e3o direta \u00e0 popula\u00e7\u00e3o, de educa\u00e7\u00e3o em sa\u00fade e sobre o controle ambiental do mosquito.<\/p>\n<p>\u201cEstamos no per\u00edodo de sazonalidade das arboviroses e j\u00e1 registrando o cen\u00e1rio que favorece a prolifera\u00e7\u00e3o do\u00a0Aedes aegypti, como chuvas e calor intenso. A mobiliza\u00e7\u00e3o, que na verdade j\u00e1 vem acontecendo desde novembro com os munic\u00edpios, tem neste s\u00e1bado o seu Dia D, para refor\u00e7ar a mensagem de que o combate \u00e0s arboviroses \u00e9 de responsabilidade coletiva\u201d, explicou o secret\u00e1rio de Estado da Sa\u00fade, Tyago Hoffmann.<\/p>\n<p>O Esp\u00edrito Santo registrou, at\u00e9 esta quinta-feira (04), 28.621 casos confirmados de dengue; 2.201 casos confirmados de chikungunya; n\u00e3o h\u00e1 casos confirmados por Zika. No mesmo per\u00edodo, o Estado registrou um \u00f3bito por dengue.\u00a0<\/p>\n<p>As a\u00e7\u00f5es acontecem em Baixo Guandu, Cachoeiro de Itapemirim, Cariacica, Castelo, Colatina, Dores do Rio Preto, Fund\u00e3o, Iconha, Itapemirim, Jaguar\u00e9, Marata\u00edzes, Montanha, Muniz Freire, Pi\u00fama, S\u00e3o Jos\u00e9 do Cal\u00e7ado, Serra e Vila Velha.<\/p>\n<p>\u201cOs munic\u00edpios realizam visitas domiciliares, instalam estandes informativos, realizam a\u00e7\u00f5es de educa\u00e7\u00e3o em sa\u00fade sobre preven\u00e7\u00e3o da dengue, cuidados com armazenamento de \u00e1gua e elimina\u00e7\u00e3o de criadouros, por exemplo\u201d, detalhou o subsecret\u00e1rio de Vigil\u00e2ncia em Sa\u00fade, Orlei Cardoso.<\/p>\n<p>As a\u00e7\u00f5es est\u00e3o marcadas para acontecer neste s\u00e1bado (06), em locais e hor\u00e1rios definidos pela gest\u00e3o municipal.<\/p>\n<p><strong>Mobiliza\u00e7\u00e3o iniciada em novembro<\/strong><\/p>\n<p>Desde novembro, os munic\u00edpios capixabas realizam a\u00e7\u00f5es para o enfrentamento \u00e0s arboviroses, aproveitando o in\u00edcio do per\u00edodo sazonal de prolifera\u00e7\u00e3o do\u00a0Aedes aegypti.<\/p>\n<p>Embora os casos da dengue sejam notificados em toda \u00e9poca do ano, ela apresenta um padr\u00e3o sazonal, com aumento do n\u00famero de casos e o risco para epidemias, principalmente, a partir dos meses de outubro e novembro, uma vez que o clima quente e as chuvas favorecem a prolifera\u00e7\u00e3o do mosquito\u00a0Aedes aegypti, acelerando o ciclo de vida do inseto e aumentando os focos de \u00e1gua parada que servem de criadouro.<\/p>\n<p>As a\u00e7\u00f5es s\u00e3o parte do trabalho conjunto realizado pelo Comando e Controle das Arboviroses (CICC \u2013 Arbovirose), que integra diferentes \u00e1reas e institui\u00e7\u00f5es. Pautadas em reuni\u00f5es que ocorrem mensalmente, as iniciativas s\u00e3o levadas aos munic\u00edpios sob a orienta\u00e7\u00e3o da Secretaria da Sa\u00fade (Sesa) e apoio t\u00e9cnico das Superintend\u00eancias Regionais de Sa\u00fade (Sul, Central, Metropolitana e Norte).<\/p>\n<p>Entre as estrat\u00e9gias orientadas pela Sesa e adotadas pelos munic\u00edpios para a realiza\u00e7\u00e3o nos meses de novembro e dezembro, destacam-se a mobiliza\u00e7\u00e3o comunit\u00e1ria, com caminhadas e blitz educativas, utiliza\u00e7\u00e3o de carro de som, panfletagem; a educa\u00e7\u00e3o em sa\u00fade, levando palestras educativas em escolas, unidades de sa\u00fade e espa\u00e7os comunit\u00e1rios; o controle ambiental, com mutir\u00f5es de limpeza urbana, vistorias em caixas d\u2019\u00e1gua; al\u00e9m das a\u00e7\u00f5es integradas, por meio da mobiliza\u00e7\u00e3o em parcerias com escolas, igrejas, com\u00e9rcios locais, entre outros.<\/p>\n<p>\u00a0<\/p>\n<p><strong>Informa\u00e7\u00f5es \u00e0 Imprensa:<\/strong><\/p>\n<p>Assessoria de Comunica\u00e7\u00e3o da Sesa<\/p>\n<p>Syria Luppi \/ Luciana Almeida \/ Danielly Campos \/ Tha\u00edsa C\u00f4rtes \/ Ana Cl\u00e1udia dos Santos<\/p>\n<p><a href=\"https:\/\/saude.es.gov.br\/Not%C3%ADcia\/mailto:imprensa@saude.es.gov.br\" rel=\"nofollow noopener\" target=\"_blank\">imprensa@saude.es.gov.br<\/a><\/p>\n<p>\u00a0<\/p>\n","protected":false},"excerpt":{"rendered":"Em uma das a\u00e7\u00f5es articuladas pelo Centro Integrado de Comando e Controle das Arboviroses (CICC \u2013 Arbovirose), munic\u00edpios&hellip;\n","protected":false},"author":2,"featured_media":176055,"comment_status":"","ping_status":"","sticky":false,"template":"","format":"standard","meta":{"footnotes":""},"categories":[86],"tags":[924,116,32,33,117,10254],"class_list":{"0":"post-176054","1":"post","2":"type-post","3":"status-publish","4":"format-standard","5":"has-post-thumbnail","7":"category-saude","8":"tag-governo-do-estado-do-espirito-santo","9":"tag-health","10":"tag-portugal","11":"tag-pt","12":"tag-saude","13":"tag-sesa"},"share_on_mastodon":{"url":"https:\/\/pubeurope.com\/@pt\/115663944024406619","error":""},"_links":{"self":[{"href":"https:\/\/www.europesays.com\/pt\/wp-json\/wp\/v2\/posts\/176054","targetHints":{"allow":["GET"]}}],"collection":[{"href":"https:\/\/www.europesays.com\/pt\/wp-json\/wp\/v2\/posts"}],"about":[{"href":"https:\/\/www.europesays.com\/pt\/wp-json\/wp\/v2\/types\/post"}],"author":[{"embeddable":true,"href":"https:\/\/www.europesays.com\/pt\/wp-json\/wp\/v2\/users\/2"}],"replies":[{"embeddable":true,"href":"https:\/\/www.europesays.com\/pt\/wp-json\/wp\/v2\/comments?post=176054"}],"version-history":[{"count":0,"href":"https:\/\/www.europesays.com\/pt\/wp-json\/wp\/v2\/posts\/176054\/revisions"}],"wp:featuredmedia":[{"embeddable":true,"href":"https:\/\/www.europesays.com\/pt\/wp-json\/wp\/v2\/media\/176055"}],"wp:attachment":[{"href":"https:\/\/www.europesays.com\/pt\/wp-json\/wp\/v2\/media?parent=176054"}],"wp:term":[{"taxonomy":"category","embeddable":true,"href":"https:\/\/www.europesays.com\/pt\/wp-json\/wp\/v2\/categories?post=176054"},{"taxonomy":"post_tag","embeddable":true,"href":"https:\/\/www.europesays.com\/pt\/wp-json\/wp\/v2\/tags?post=176054"}],"curies":[{"name":"wp","href":"https:\/\/api.w.org\/{rel}","templated":true}]}}