{"id":176056,"date":"2025-12-04T23:43:01","date_gmt":"2025-12-04T23:43:01","guid":{"rendered":"https:\/\/www.europesays.com\/pt\/176056\/"},"modified":"2025-12-04T23:43:01","modified_gmt":"2025-12-04T23:43:01","slug":"charlene-do-monaco-encontrou-as-botas-ideais-para-o-inverno-na-zara","status":"publish","type":"post","link":"https:\/\/www.europesays.com\/pt\/176056\/","title":{"rendered":"Charlene do M\u00f3naco encontrou as botas ideais para o inverno na Zara?"},"content":{"rendered":"<p>Qualquer que seja a ocasi\u00e3o, <a href=\"https:\/\/versa.iol.pt\/unhas\/charlene-do-monaco\/sabes-o-que-sao-gym-nails-charlene-do-monaco-exemplifica\/20251201\/6926e401d34e3caad84bb872\" rel=\"nofollow noopener\" target=\"_blank\">a Princesa Charlene do M\u00f3naco<\/a> consegue sempre escolher os looks mais elegantes. Desde vestidos compridos de gala a jeans que seguem as mais recentes tend\u00eancias, o guarda-roupa da monarca est\u00e1 recheado de pe\u00e7as que inspiram os outfits de muitos, incluindo os nossos.\u00a0<\/p>\n<p>Por exemplo, recentemente, chamou a aten\u00e7\u00e3o com o que escolheu para a cerim\u00f3nia de ilumina\u00e7\u00e3o da Place du Casino, em Monte Carlo, no M\u00f3naco, com o marido, Pr\u00edncipe Albert, e os filhos, a Princesa Gabriella e o Pr\u00edncipe Jacques.\u00a0<\/p>\n<p>Para a ocasi\u00e3o, usou um sobretudo comprido de l\u00e3 com padr\u00e3o paisley da Etro, uma pe\u00e7a que est\u00e1 \u00e0 venda em lojas como a <a href=\"https:\/\/www.farfetch.com\/pt\/shopping\/women\/etro-paisley-lace-up-wool-coat-item-31590026.aspx\" target=\"_blank\" rel=\"nofollow noopener\">Farfetch<\/a> por \u20ac2.990. Completou o look com\u00a0uma camisola de gola alta branca, um cachecol da mesma cor, luvas castanhas e botas altas que foram as protagonistas do outfit.\u00a0<\/p>\n<p>Parecem ser umas botas da <a href=\"https:\/\/www.gianvitorossi.com\/pt_en\/woman\/shoes\/boots\/santiago\/G80479.85CUO.VGTNERO.html\" target=\"_blank\" rel=\"nofollow noopener\">Gianvito Rossi<\/a>,\u00a0uma marca italiana de cal\u00e7ado de luxo, mais especificamente o modelo Santiago. Est\u00e3o dispon\u00edveis em castanho, como as da Princesa Charlene, mas tamb\u00e9m em preto e custam \u20ac1.790.\u00a0<\/p>\n<p>Quando percorremos o cat\u00e1logo da <a href=\"https:\/\/www.gianvitorossi.com\/pt_en\/woman\/shoes\/boots\/santiago\/G80479.85CUO.VGTNERO.html\" target=\"_blank\" rel=\"nofollow noopener\">Zara<\/a> encontr\u00e1mos umas botas semelhantes e com um pre\u00e7o bem mais simp\u00e1tico. Estamos a falar de botas de cano alto em castanho, com detalhes de pespontos contrastantes, um tac\u00e3o alto em bloco e biqueira quadrada. Custam \u20ac49,95.\u00a0<\/p>\n<p>Podes (e deves) comparar as botas na galeria de imagens. Tamb\u00e9m reunimos outras sugest\u00f5es de botas que podem ser essenciais para os teus looks de inverno.\u00a0<\/p>\n<blockquote class=\"instagram-media\" data-instgrm-permalink=\"https:\/\/www.instagram.com\/p\/DRrN8gliCIJ\/?utm_source=ig_embed&amp;utm_campaign=loading\" data-instgrm-version=\"14\" style=\" background:#FFF; border:0; border-radius:3px; box-shadow:0 0 1px 0 rgba(0,0,0,0.5),0 1px 10px 0 rgba(0,0,0,0.15); margin: 1px; max-width:540px; min-width:326px; padding:0; width:99.375%; width:-webkit-calc(100% - 2px); width:calc(100% - 2px);\">\n<\/blockquote>\n<p>                            <script async src=\"\/\/www.instagram.com\/embed.js\"><\/script><\/p>\n","protected":false},"excerpt":{"rendered":"Qualquer que seja a ocasi\u00e3o, a Princesa Charlene do M\u00f3naco consegue sempre escolher os looks mais elegantes. Desde&hellip;\n","protected":false},"author":2,"featured_media":176057,"comment_status":"","ping_status":"","sticky":false,"template":"","format":"standard","meta":{"footnotes":""},"categories":[85],"tags":[1081,10049,36485,204,114,115,754,186,1079,32,33,1083,1078,1080,3480],"class_list":{"0":"post-176056","1":"post","2":"type-post","3":"status-publish","4":"format-standard","5":"has-post-thumbnail","7":"category-entretenimento","8":"tag-beleza","9":"tag-botas","10":"tag-charlene-do-monaco","11":"tag-design","12":"tag-entertainment","13":"tag-entretenimento","14":"tag-gastronomia","15":"tag-lifestyle","16":"tag-moda","17":"tag-portugal","18":"tag-pt","19":"tag-tendencia","20":"tag-versa","21":"tag-viagens","22":"tag-zara"},"share_on_mastodon":{"url":"https:\/\/pubeurope.com\/@pt\/115663955786608083","error":""},"_links":{"self":[{"href":"https:\/\/www.europesays.com\/pt\/wp-json\/wp\/v2\/posts\/176056","targetHints":{"allow":["GET"]}}],"collection":[{"href":"https:\/\/www.europesays.com\/pt\/wp-json\/wp\/v2\/posts"}],"about":[{"href":"https:\/\/www.europesays.com\/pt\/wp-json\/wp\/v2\/types\/post"}],"author":[{"embeddable":true,"href":"https:\/\/www.europesays.com\/pt\/wp-json\/wp\/v2\/users\/2"}],"replies":[{"embeddable":true,"href":"https:\/\/www.europesays.com\/pt\/wp-json\/wp\/v2\/comments?post=176056"}],"version-history":[{"count":0,"href":"https:\/\/www.europesays.com\/pt\/wp-json\/wp\/v2\/posts\/176056\/revisions"}],"wp:featuredmedia":[{"embeddable":true,"href":"https:\/\/www.europesays.com\/pt\/wp-json\/wp\/v2\/media\/176057"}],"wp:attachment":[{"href":"https:\/\/www.europesays.com\/pt\/wp-json\/wp\/v2\/media?parent=176056"}],"wp:term":[{"taxonomy":"category","embeddable":true,"href":"https:\/\/www.europesays.com\/pt\/wp-json\/wp\/v2\/categories?post=176056"},{"taxonomy":"post_tag","embeddable":true,"href":"https:\/\/www.europesays.com\/pt\/wp-json\/wp\/v2\/tags?post=176056"}],"curies":[{"name":"wp","href":"https:\/\/api.w.org\/{rel}","templated":true}]}}