{"id":176058,"date":"2025-12-04T23:44:04","date_gmt":"2025-12-04T23:44:04","guid":{"rendered":"https:\/\/www.europesays.com\/pt\/176058\/"},"modified":"2025-12-04T23:44:04","modified_gmt":"2025-12-04T23:44:04","slug":"apple-remove-funcao-da-camera-no-iphone-17-pro-e-intriga-usuarios","status":"publish","type":"post","link":"https:\/\/www.europesays.com\/pt\/176058\/","title":{"rendered":"Apple remove fun\u00e7\u00e3o da c\u00e2mera no iPhone 17 Pro e intriga usu\u00e1rios"},"content":{"rendered":"<p class=\"my-5 break-words group-[.isActiveSource]:text-xl\">A <strong class=\"group-[.isActiveSource]:text-xl group-[.isActiveSource]:font-bold\">Apple removeu um dos recursos da c\u00e2mera do iPhone 17 Pro<\/strong> e deixou usu\u00e1rios intrigados com a mudan\u00e7a: <strong class=\"group-[.isActiveSource]:text-xl group-[.isActiveSource]:font-bold\">n\u00e3o \u00e9 mais poss\u00edvel usar o modo Retrato e o modo Noite ao mesmo tempo.<\/strong><\/p>\n<p class=\"my-5 break-words group-[.isActiveSource]:text-xl\">O <strong class=\"group-[.isActiveSource]:text-xl group-[.isActiveSource]:font-bold\">modo Retrato<\/strong> faz com que a<a href=\"https:\/\/www.cnnbrasil.com.br\/tecnologia\/ponto-verde-no-iphone-entenda-o-que-e-e-para-que-serve\/\" target=\"_blank\" rel=\"noopener noreferrer nofollow\" class=\"text-red-600 underline hover:text-red-500 font-medium break-words group-[.isActiveSource]:text-xl\"> c\u00e2mera do iPhone<\/a> deixe o fundo da foto fora de foco para dar mais destaque \u00e0 pessoa ou objeto que est\u00e1 sendo fotografado no primeiro plano. J\u00e1 o <strong class=\"group-[.isActiveSource]:text-xl group-[.isActiveSource]:font-bold\">modo Noite<\/strong> serve para otimizar a captura de luz em ambientes escuros, aumentando o tempo de exposi\u00e7\u00e3o da c\u00e2mera.<\/p>\n<p class=\"my-5 break-words group-[.isActiveSource]:text-xl\">No<a href=\"https:\/\/www.cnnbrasil.com.br\/tecnologia\/apple-anuncia-iphone-17-saiba-detalhes-dos-novos-modelos\/\" target=\"_blank\" rel=\"noopener noreferrer nofollow\" class=\"text-red-600 underline hover:text-red-500 font-medium break-words group-[.isActiveSource]:text-xl\"> iPhone 17 Pro<\/a>, a op\u00e7\u00e3o de ativar o modo Noite n\u00e3o aparece enquanto a c\u00e2mera est\u00e1 no modo Retrato. Os <a href=\"https:\/\/www.cnnbrasil.com.br\/economia\/negocios\/iphone-17-passa-antecessor-nas-vendas-iniciais-nos-eua-e-china-diz-empresa\/\" target=\"_blank\" rel=\"noopener noreferrer nofollow\" class=\"text-red-600 underline hover:text-red-500 font-medium break-words group-[.isActiveSource]:text-xl\">usu\u00e1rios que possuem o modelo<\/a> estranharam a limita\u00e7\u00e3o, j\u00e1 que \u00e9 poss\u00edvel usar os dois recursos ao mesmo tempo desde o lan\u00e7amento do iPhone 12 Pro \u2013 at\u00e9 o iPhone 16 Pro.<\/p>\n<p class=\"my-5 break-words group-[.isActiveSource]:text-xl\">H\u00e1 pouco mais de um m\u00eas, um usu\u00e1rio reclamou no Reddit sobre o problema: &#8220;Todos os outros iPhones Pro desde o 12 Pro tem esse recurso, mas n\u00e3o o 17 Pro. Retratos \u00e0 noite n\u00e3o ficam nem um pouco t\u00e3o bons quanto poderiam, e \u00e9 um downgrade em compara\u00e7\u00e3o \u00e0 qualidade que os modelos anteriores conseguiam alcan\u00e7ar.&#8221;<\/p>\n<p class=\"my-5 break-words group-[.isActiveSource]:text-xl\">A mudan\u00e7a faz com que as fotos tiradas no modo Retrato em ambientes com pouca luz tenham qualidade inferior, pois a c\u00e2mera n\u00e3o conseguir\u00e1 compensar a baixa luminosidade com maior tempo de exposi\u00e7\u00e3o.<\/p>\n<p class=\"my-5 break-words group-[.isActiveSource]:text-xl\">\u00c0 imprensa internacional, a Apple confirmou que o modelo n\u00e3o possui essa op\u00e7\u00e3o de uso na c\u00e2mera, mas n\u00e3o explicou o motivo da mudan\u00e7a em rela\u00e7\u00e3o \u00e0s gera\u00e7\u00f5es anteriores de iPhones.<\/p>\n","protected":false},"excerpt":{"rendered":"A Apple removeu um dos recursos da c\u00e2mera do iPhone 17 Pro e deixou usu\u00e1rios intrigados com a&hellip;\n","protected":false},"author":2,"featured_media":176059,"comment_status":"","ping_status":"","sticky":false,"template":"","format":"standard","meta":{"footnotes":""},"categories":[84],"tags":[109,107,108,32,33,105,103,104,106,110],"class_list":{"0":"post-176058","1":"post","2":"type-post","3":"status-publish","4":"format-standard","5":"has-post-thumbnail","7":"category-ciencia-e-tecnologia","8":"tag-ciencia","9":"tag-ciencia-e-tecnologia","10":"tag-cienciaetecnologia","11":"tag-portugal","12":"tag-pt","13":"tag-science","14":"tag-science-and-technology","15":"tag-scienceandtechnology","16":"tag-technology","17":"tag-tecnologia"},"share_on_mastodon":{"url":"","error":""},"_links":{"self":[{"href":"https:\/\/www.europesays.com\/pt\/wp-json\/wp\/v2\/posts\/176058","targetHints":{"allow":["GET"]}}],"collection":[{"href":"https:\/\/www.europesays.com\/pt\/wp-json\/wp\/v2\/posts"}],"about":[{"href":"https:\/\/www.europesays.com\/pt\/wp-json\/wp\/v2\/types\/post"}],"author":[{"embeddable":true,"href":"https:\/\/www.europesays.com\/pt\/wp-json\/wp\/v2\/users\/2"}],"replies":[{"embeddable":true,"href":"https:\/\/www.europesays.com\/pt\/wp-json\/wp\/v2\/comments?post=176058"}],"version-history":[{"count":0,"href":"https:\/\/www.europesays.com\/pt\/wp-json\/wp\/v2\/posts\/176058\/revisions"}],"wp:featuredmedia":[{"embeddable":true,"href":"https:\/\/www.europesays.com\/pt\/wp-json\/wp\/v2\/media\/176059"}],"wp:attachment":[{"href":"https:\/\/www.europesays.com\/pt\/wp-json\/wp\/v2\/media?parent=176058"}],"wp:term":[{"taxonomy":"category","embeddable":true,"href":"https:\/\/www.europesays.com\/pt\/wp-json\/wp\/v2\/categories?post=176058"},{"taxonomy":"post_tag","embeddable":true,"href":"https:\/\/www.europesays.com\/pt\/wp-json\/wp\/v2\/tags?post=176058"}],"curies":[{"name":"wp","href":"https:\/\/api.w.org\/{rel}","templated":true}]}}