{"id":176060,"date":"2025-12-04T23:45:15","date_gmt":"2025-12-04T23:45:15","guid":{"rendered":"https:\/\/www.europesays.com\/pt\/176060\/"},"modified":"2025-12-04T23:45:15","modified_gmt":"2025-12-04T23:45:15","slug":"o-homem-por-detras-do-controverso-novo-design-eletrico-da-jaguar-foi-despedido","status":"publish","type":"post","link":"https:\/\/www.europesays.com\/pt\/176060\/","title":{"rendered":"O homem por detr\u00e1s do controverso novo design el\u00e9trico da Jaguar foi despedido"},"content":{"rendered":"<p>O homem respons\u00e1vel pelo novo e radical design el\u00e9trico da Jaguar, Gerry McGovern, foi alegadamente despedido esta semana e acompanhado \u00e0 sa\u00edda do escrit\u00f3rio.<\/p>\n<p><a target=\"_blank\" href=\"https:\/\/pplware.sapo.pt\/wp-content\/uploads\/2025\/12\/jaguar_type0_00.webp\" rel=\"nofollow noopener\"><img fetchpriority=\"high\" decoding=\"async\" src=\"https:\/\/www.europesays.com\/pt\/wp-content\/uploads\/2025\/12\/jaguar_type0_00-720x405.webp.webp\" alt=\"\" width=\"720\" height=\"405\" class=\"aligncenter size-medium wp-image-1091729\"  \/><\/a><\/p>\n<p>Chefe de design da Jaguar que liderou o controverso EV n\u00e3o saiu &#8220;a bem&#8221;!<\/p>\n<p>Depois de revelar o <a target=\"_blank\" href=\"https:\/\/pplware.sapo.pt\/motores\/ousado-inesperado-destemido-jaguar-apresenta-o-type-00-o-futuro-da-marca-inglesa\/\" rel=\"nofollow noopener\">Type 00 no ano passado<\/a>, um conceito el\u00e9trico de duas portas ultra-luxuoso, e aquilo que a Jaguar afirmava ser uma antevis\u00e3o do seu novo design, o debilitado fabricante brit\u00e2nico <strong>quase partiu a internet<\/strong>.<\/p>\n<p>O conceito radical, de aspeto robusto, foi alvo de fortes cr\u00edticas online, incluindo compara\u00e7\u00f5es ao Pantera Cor-de-Rosa e ao carro dos sonhos da Barbie.<\/p>\n<p>At\u00e9 o CEO da Tesla, Elon Musk, e o fabricante de el\u00e9tricos Lucid Motors gozaram com o conceito controverso.<\/p>\n<p>Musk respondeu \u00e0 publica\u00e7\u00e3o da Jaguar no X no ano passado a perguntar se vendem carros. Nitidamente a tro\u00e7ar com a ousada tentativa de rebranding.<\/p>\n<blockquote class=\"tw-align-center twitter-tweet\">\n<p lang=\"en\" dir=\"ltr\">Do you sell cars?<\/p>\n<p>\u2014 Elon Musk (@elonmusk) <a target=\"_blank\" href=\"https:\/\/twitter.com\/elonmusk\/status\/1858914024013910020?ref_src=twsrc%5Etfw\" rel=\"nofollow noopener\">November 19, 2024<\/a><\/p>\n<\/blockquote>\n<p>Jaguar arriscou tudo&#8230; at\u00e9 demais!<\/p>\n<p>A Jaguar descreve o Type 00 como um indicador da filosofia e inten\u00e7\u00e3o de design para os pr\u00f3ximos ve\u00edculos. O conceito n\u00e3o s\u00f3 parece ter sido criado com o Grok ou outra IA qualquer, como tamb\u00e9m se espera que tenha um pre\u00e7o bastante elevado.<\/p>\n<p>Numa entrevista ao The Sunday Times no ano passado, o antigo CEO Adrian Mardell afirmou que a nova gama de el\u00e9tricos de luxo da Jaguar teria provavelmente um pre\u00e7o em torno de 150.000 libras, quase 200.000 d\u00f3lares.<\/p>\n<p><a target=\"_blank\" href=\"https:\/\/pplware.sapo.pt\/wp-content\/uploads\/2025\/12\/jaguar_type0_01.webp\" rel=\"nofollow noopener\"><img loading=\"lazy\" decoding=\"async\" src=\"https:\/\/www.europesays.com\/pt\/wp-content\/uploads\/2025\/12\/jaguar_type0_01-720x405.webp.webp\" alt=\"\" width=\"720\" height=\"405\" class=\"aligncenter size-medium wp-image-1091730\"  \/><\/a><\/p>\n<p>Segundo fontes internas da empresa, o diretor criativo da Jaguar, Gerry McGovern, foi despedido na segunda-feira.<\/p>\n<p>As fontes disseram que McGovern foi acompanhado \u00e0 sa\u00edda do escrit\u00f3rio e que a sua posi\u00e7\u00e3o foi eliminada de imediato.<\/p>\n<p><a target=\"_blank\" href=\"https:\/\/pplware.sapo.pt\/wp-content\/uploads\/2025\/12\/jaguar_type0_02.webp\" rel=\"nofollow noopener\"><img loading=\"lazy\" decoding=\"async\" src=\"https:\/\/www.europesays.com\/pt\/wp-content\/uploads\/2025\/12\/jaguar_type0_02-720x405.webp.webp\" alt=\"Imagem do designer da Jaguar, Gerry McGovern\" width=\"720\" height=\"405\" class=\"aligncenter wp-image-1091732 size-medium\"  \/><\/a><\/p>\n<p>Tata ainda est\u00e1 a processar tudo o que investiu<\/p>\n<p>Jaguar est\u00e1 integrada na Jaguar Land Rover (JLR), que \u00e9 detida pela Tata Motors.\u00a0Questionado para mais detalhes, um porta-voz da JLR respondeu Sem coment\u00e1rios, enquanto a Tata Motors ainda n\u00e3o reagiu.<\/p>\n<p>A not\u00edcia repentina surge apenas uma semana depois de PB Balaji, antigo CFO da Tata Motors, assumir o cargo de CEO da Jaguar Land Rover, num momento em que a empresa luta para inverter a sua situa\u00e7\u00e3o.<\/p>\n<dl class=\"gallery-item\">\n<dt class=\"gallery-icon landscape\">\n\t\t\t\t<a data-attachment-id=\"1091733\" href=\"https:\/\/pplware.sapo.pt\/wp-content\/uploads\/2025\/12\/jaguar_type0_03.webp\" rel=\"nofollow noopener\" target=\"_blank\"><img loading=\"lazy\" decoding=\"async\" width=\"720\" height=\"405\" src=\"https:\/\/www.europesays.com\/pt\/wp-content\/uploads\/2025\/12\/jaguar_type0_03-720x405.webp.webp\" class=\"attachment-medium size-medium\" alt=\"\"  \/><\/a>\n\t\t\t<\/dt>\n<\/dl>\n<dl class=\"gallery-item\">\n<dt class=\"gallery-icon landscape\">\n\t\t\t\t<a data-attachment-id=\"1091734\" href=\"https:\/\/pplware.sapo.pt\/wp-content\/uploads\/2025\/12\/jaguar_type0_04.webp\" rel=\"nofollow noopener\" target=\"_blank\"><img loading=\"lazy\" decoding=\"async\" width=\"720\" height=\"405\" src=\"https:\/\/www.europesays.com\/pt\/wp-content\/uploads\/2025\/12\/jaguar_type0_04-720x405.webp.webp\" class=\"attachment-medium size-medium\" alt=\"\"  \/><\/a>\n\t\t\t<\/dt>\n<\/dl>\n<p><br style=\"clear: both\"\/><\/p>\n<p>Designer com 21 anos de casa n\u00e3o ter\u00e1 aguentado a press\u00e3o<\/p>\n<p>A sa\u00edda de McGovern, ap\u00f3s 21 anos na JLR, indica que mudan\u00e7as maiores est\u00e3o a chegar \u00e0 <strong>debilitada marca brit\u00e2nica de luxo<\/strong>.<\/p>\n<p>O primeiro modelo da nova gama el\u00e9trica da Jaguar deveria ser um GT el\u00e9trico de quatro portas, com produ\u00e7\u00e3o prevista para meados de 2026, seguido por pelo menos mais dois el\u00e9tricos de luxo.<\/p>\n<p>Com a sa\u00edda de McGovern, <strong>estes planos dever\u00e3o mudar<\/strong>. Manter-lhe-emos informado com as novidades mais recentes.<\/p>\n<p>\t\t\t\t\t\t<script async src=\"https:\/\/platform.twitter.com\/widgets.js\" charset=\"utf-8\"><\/script><\/p>\n","protected":false},"excerpt":{"rendered":"O homem respons\u00e1vel pelo novo e radical design el\u00e9trico da Jaguar, Gerry McGovern, foi alegadamente despedido esta semana&hellip;\n","protected":false},"author":2,"featured_media":176061,"comment_status":"","ping_status":"","sticky":false,"template":"","format":"standard","meta":{"footnotes":""},"categories":[83],"tags":[88,89,90,36486,5297,36487,32,33],"class_list":{"0":"post-176060","1":"post","2":"type-post","3":"status-publish","4":"format-standard","5":"has-post-thumbnail","7":"category-empresas","8":"tag-business","9":"tag-economy","10":"tag-empresas","11":"tag-gerry-mcgovern","12":"tag-jaguar","13":"tag-jaguar-type-00","14":"tag-portugal","15":"tag-pt"},"share_on_mastodon":{"url":"https:\/\/pubeurope.com\/@pt\/115663963949030937","error":""},"_links":{"self":[{"href":"https:\/\/www.europesays.com\/pt\/wp-json\/wp\/v2\/posts\/176060","targetHints":{"allow":["GET"]}}],"collection":[{"href":"https:\/\/www.europesays.com\/pt\/wp-json\/wp\/v2\/posts"}],"about":[{"href":"https:\/\/www.europesays.com\/pt\/wp-json\/wp\/v2\/types\/post"}],"author":[{"embeddable":true,"href":"https:\/\/www.europesays.com\/pt\/wp-json\/wp\/v2\/users\/2"}],"replies":[{"embeddable":true,"href":"https:\/\/www.europesays.com\/pt\/wp-json\/wp\/v2\/comments?post=176060"}],"version-history":[{"count":0,"href":"https:\/\/www.europesays.com\/pt\/wp-json\/wp\/v2\/posts\/176060\/revisions"}],"wp:featuredmedia":[{"embeddable":true,"href":"https:\/\/www.europesays.com\/pt\/wp-json\/wp\/v2\/media\/176061"}],"wp:attachment":[{"href":"https:\/\/www.europesays.com\/pt\/wp-json\/wp\/v2\/media?parent=176060"}],"wp:term":[{"taxonomy":"category","embeddable":true,"href":"https:\/\/www.europesays.com\/pt\/wp-json\/wp\/v2\/categories?post=176060"},{"taxonomy":"post_tag","embeddable":true,"href":"https:\/\/www.europesays.com\/pt\/wp-json\/wp\/v2\/tags?post=176060"}],"curies":[{"name":"wp","href":"https:\/\/api.w.org\/{rel}","templated":true}]}}