{"id":176062,"date":"2025-12-04T23:46:08","date_gmt":"2025-12-04T23:46:08","guid":{"rendered":"https:\/\/www.europesays.com\/pt\/176062\/"},"modified":"2025-12-04T23:46:08","modified_gmt":"2025-12-04T23:46:08","slug":"almirante-nega-ter-recebido-ordem-para-matar-tripulantes-de-barco-de-alegado-narcotrafico","status":"publish","type":"post","link":"https:\/\/www.europesays.com\/pt\/176062\/","title":{"rendered":"Almirante nega ter recebido ordem para matar tripulantes de barco de alegado narcotr\u00e1fico"},"content":{"rendered":"<p data-remotead-prev-elm=\"true\" data-remotead-elm-id=\"inread\">Bradley compareceu hoje a reuni\u00f5es \u00e0 porta fechada das comiss\u00f5es das For\u00e7as Armadas do Senado e da C\u00e2mara dos Representantes, que est\u00e3o a investigar a legalidade das a\u00e7\u00f5es militares no \u00e2mbito da campanha contra o narcotr\u00e1fico da administra\u00e7\u00e3o liderada pelo presidente dos Estados Unidos, Donald Trump. Esta reuni\u00e3o foi realizada ap\u00f3s legisladores norte-americanos, republicanos e democratas, terem pedido explica\u00e7\u00f5es ao Governo ap\u00f3s uma not\u00edcia do jornal &#8220;The Washington Post&#8221;, que avan\u00e7ava que num bombardeamento, no qual morreram 11 tripulantes de uma suposta &#8220;embarca\u00e7\u00e3o de narcotraficantes&#8221;, tinha sido dada uma ordem pelo secret\u00e1rio da Defesa, Pete Hegseth para &#8220;matar toda a gente&#8221; a bordo.<\/p>\n<p>O Pent\u00e1gono tem sido alvo de cr\u00edticas depois desta not\u00edcia ter revelado que foi efetuado um segundo ataque para matar dois sobreviventes do primeiro ataque. Segundo Hegseth, a ordem para o segundo ataque foi dada pelo almirante.<\/p>\n<p>Cotton, que participou da reuni\u00e3o, defendeu a postura do almirante e disse que, se estivesse no seu lugar, teria ordenado v\u00e1rios ataques. Por outro lado, o legislador democrata Jim Himes definiu o que observou durante a reuni\u00e3o como &#8220;uma das coisas mais inquietantes&#8221; que j\u00e1 presenciou na vida e afirmou que no v\u00eddeo do segundo ataque se veem duas pessoas em situa\u00e7\u00e3o de perigo que s\u00e3o mortas.<\/p>\n<p data-remotead-prev-elm=\"true\" data-remotead-elm-id=\"centro1\">Questionado pela Imprensa na quarta-feira na Casa Branca, Trump disse que o Pent\u00e1gono publicar\u00e1 o v\u00eddeo do segundo ataque, embora tenha minimizado a controv\u00e9rsia, assim como fez Hegseth, que afirma n\u00e3o ter supervisionado diretamente a opera\u00e7\u00e3o. Durante uma reuni\u00e3o do gabinete governamental na Casa Branca na ter\u00e7a-feira, o secret\u00e1rio de Defesa referiu que n\u00e3o viu nenhum sobrevivente na \u00e1gua ap\u00f3s o primeiro ataque, afirmando que a embarca\u00e7\u00e3o &#8220;explodiu no meio do fogo e do fumo&#8221;.<\/p>\n<p>Um funcion\u00e1rio da Defesa explicou \u00e0 esta\u00e7\u00e3o NBC News que o almirante considerou que os dois sobreviventes eram alvos militares leg\u00edtimos que ele identificou como &#8220;narcoterroristas&#8221;. A Casa Branca tinha afirmado na segunda-feira que o almirante Bradley agiu &#8220;dentro da sua autoridade e da lei&#8221; ao ordenar o segundo ataque, enquanto Hegseth declarou nas redes sociais que apoiava Bradley &#8220;e as decis\u00f5es de combate que tomou&#8221;.<\/p>\n<p>Ap\u00f3s o primeiro ataque, os dois sobreviventes comunicaram com outro barco suspeito de estar envolvido no tr\u00e1fico de drogas, disseram ainda duas pessoas pr\u00f3ximas ao assunto, segundo a ag\u00eancia de not\u00edcias espanhola EFE.<\/p>\n<p data-remotead-prev-elm=\"true\" data-remotead-elm-id=\"centro2\">De acordo com n\u00fameros confirmados pelo Pent\u00e1gono, desde o in\u00edcio das opera\u00e7\u00f5es militares em setembro foram efetuados 21 ataques contra supostas embarca\u00e7\u00f5es de narcotr\u00e1fico, onde morreram 82 alegados &#8220;narcoterroristas&#8221;.<\/p>\n<p>A Casa Branca associa as embarca\u00e7\u00f5es atacadas ao Tren de Aragua ou ao Cartel de los Soles, grupos criminosos origin\u00e1rios da Venezuela que Washington classificou como terroristas no \u00e2mbito da sua grande mobiliza\u00e7\u00e3o militar nas Cara\u00edbas e da crescente press\u00e3o sobre o Governo do presidente venezuelano, Nicol\u00e1s Maduro.<\/p>\n","protected":false},"excerpt":{"rendered":"Bradley compareceu hoje a reuni\u00f5es \u00e0 porta fechada das comiss\u00f5es das For\u00e7as Armadas do Senado e da C\u00e2mara&hellip;\n","protected":false},"author":2,"featured_media":176063,"comment_status":"","ping_status":"","sticky":false,"template":"","format":"standard","meta":{"footnotes":""},"categories":[50],"tags":[27,28,17722,92,413,15,16,14,25,26,21,22,62,7808,12,13,19,20,17087,21894,23,24,17,18,29,30,31,3023,63,64,65],"class_list":{"0":"post-176062","1":"post","2":"type-post","3":"status-publish","4":"format-standard","5":"has-post-thumbnail","7":"category-mundo","8":"tag-breaking-news","9":"tag-breakingnews","10":"tag-congresso-dos-eua","11":"tag-donald-trump","12":"tag-eua","13":"tag-featured-news","14":"tag-featurednews","15":"tag-headlines","16":"tag-latest-news","17":"tag-latestnews","18":"tag-main-news","19":"tag-mainnews","20":"tag-mundo","21":"tag-narcotrafico","22":"tag-news","23":"tag-noticias","24":"tag-noticias-principais","25":"tag-noticiasprincipais","26":"tag-pentagono","27":"tag-pete-hegseth","28":"tag-principais-noticias","29":"tag-principaisnoticias","30":"tag-top-stories","31":"tag-topstories","32":"tag-ultimas","33":"tag-ultimas-noticias","34":"tag-ultimasnoticias","35":"tag-venezuela","36":"tag-world","37":"tag-world-news","38":"tag-worldnews"},"share_on_mastodon":{"url":"","error":"Validation failed: Text character limit of 500 exceeded"},"_links":{"self":[{"href":"https:\/\/www.europesays.com\/pt\/wp-json\/wp\/v2\/posts\/176062","targetHints":{"allow":["GET"]}}],"collection":[{"href":"https:\/\/www.europesays.com\/pt\/wp-json\/wp\/v2\/posts"}],"about":[{"href":"https:\/\/www.europesays.com\/pt\/wp-json\/wp\/v2\/types\/post"}],"author":[{"embeddable":true,"href":"https:\/\/www.europesays.com\/pt\/wp-json\/wp\/v2\/users\/2"}],"replies":[{"embeddable":true,"href":"https:\/\/www.europesays.com\/pt\/wp-json\/wp\/v2\/comments?post=176062"}],"version-history":[{"count":0,"href":"https:\/\/www.europesays.com\/pt\/wp-json\/wp\/v2\/posts\/176062\/revisions"}],"wp:featuredmedia":[{"embeddable":true,"href":"https:\/\/www.europesays.com\/pt\/wp-json\/wp\/v2\/media\/176063"}],"wp:attachment":[{"href":"https:\/\/www.europesays.com\/pt\/wp-json\/wp\/v2\/media?parent=176062"}],"wp:term":[{"taxonomy":"category","embeddable":true,"href":"https:\/\/www.europesays.com\/pt\/wp-json\/wp\/v2\/categories?post=176062"},{"taxonomy":"post_tag","embeddable":true,"href":"https:\/\/www.europesays.com\/pt\/wp-json\/wp\/v2\/tags?post=176062"}],"curies":[{"name":"wp","href":"https:\/\/api.w.org\/{rel}","templated":true}]}}