{"id":176068,"date":"2025-12-04T23:54:09","date_gmt":"2025-12-04T23:54:09","guid":{"rendered":"https:\/\/www.europesays.com\/pt\/176068\/"},"modified":"2025-12-04T23:54:09","modified_gmt":"2025-12-04T23:54:09","slug":"pedro-e-leandro-em-furia-apos-discussao-de-marisa-e-bruna-so-me-apetecia-mandar-lhe","status":"publish","type":"post","link":"https:\/\/www.europesays.com\/pt\/176068\/","title":{"rendered":"Pedro e Leandro em f\u00faria ap\u00f3s discuss\u00e3o de Marisa e Bruna: \u00abS\u00f3 me apetecia mandar-lhe&#8230;\u00bb"},"content":{"rendered":"<p>Ap\u00f3s o Especial do Secret Story 9, Marisa mostra-se bastante fragilizada com as palavras de Bruna e a forma como a exp\u00f4s. Pedro tamb\u00e9m n\u00e3o esconde a revolta e, juntamente com Leandro, condena a atitude de Bruna. Ao mesmo tempo, no jardim, In\u00eas apoia Bruna que acaba por se emocionar e desabafar que, apesar de mostrar uma postura forte, n\u00e3o quer dizer que n\u00e3o sinta as coisas e lhe possam dizer tudo. Veja tudo.\u00a0<\/p>\n","protected":false},"excerpt":{"rendered":"Ap\u00f3s o Especial do Secret Story 9, Marisa mostra-se bastante fragilizada com as palavras de Bruna e a&hellip;\n","protected":false},"author":2,"featured_media":176069,"comment_status":"","ping_status":"","sticky":false,"template":"","format":"standard","meta":{"footnotes":""},"categories":[142],"tags":[114,115,12397,19184,14646,32,33,151],"class_list":{"0":"post-176068","1":"post","2":"type-post","3":"status-publish","4":"format-standard","5":"has-post-thumbnail","7":"category-tv","8":"tag-entertainment","9":"tag-entretenimento","10":"tag-leandro","11":"tag-marisa","12":"tag-pedro","13":"tag-portugal","14":"tag-pt","15":"tag-tv"},"share_on_mastodon":{"url":"https:\/\/pubeurope.com\/@pt\/115663999098343178","error":""},"_links":{"self":[{"href":"https:\/\/www.europesays.com\/pt\/wp-json\/wp\/v2\/posts\/176068","targetHints":{"allow":["GET"]}}],"collection":[{"href":"https:\/\/www.europesays.com\/pt\/wp-json\/wp\/v2\/posts"}],"about":[{"href":"https:\/\/www.europesays.com\/pt\/wp-json\/wp\/v2\/types\/post"}],"author":[{"embeddable":true,"href":"https:\/\/www.europesays.com\/pt\/wp-json\/wp\/v2\/users\/2"}],"replies":[{"embeddable":true,"href":"https:\/\/www.europesays.com\/pt\/wp-json\/wp\/v2\/comments?post=176068"}],"version-history":[{"count":0,"href":"https:\/\/www.europesays.com\/pt\/wp-json\/wp\/v2\/posts\/176068\/revisions"}],"wp:featuredmedia":[{"embeddable":true,"href":"https:\/\/www.europesays.com\/pt\/wp-json\/wp\/v2\/media\/176069"}],"wp:attachment":[{"href":"https:\/\/www.europesays.com\/pt\/wp-json\/wp\/v2\/media?parent=176068"}],"wp:term":[{"taxonomy":"category","embeddable":true,"href":"https:\/\/www.europesays.com\/pt\/wp-json\/wp\/v2\/categories?post=176068"},{"taxonomy":"post_tag","embeddable":true,"href":"https:\/\/www.europesays.com\/pt\/wp-json\/wp\/v2\/tags?post=176068"}],"curies":[{"name":"wp","href":"https:\/\/api.w.org\/{rel}","templated":true}]}}